{"id":904,"date":"2013-09-23T20:00:39","date_gmt":"2013-09-23T20:00:39","guid":{"rendered":"http:\/\/www.xn--erzhler-7wa.net\/?p=904"},"modified":"2013-09-23T20:01:08","modified_gmt":"2013-09-23T20:01:08","slug":"helden-die-die-welt-nicht-braucht","status":"publish","type":"post","link":"https:\/\/www.xn--erzhler-7wa.net\/?p=904","title":{"rendered":"Helden, die die Welt nicht braucht"},"content":{"rendered":"<p>RTL verspricht f\u00fcr Donnerstag, den 3. Oktober, ein totales Drama. Titel: <strong>Helden \u2013 wenn dein Land dich braucht<\/strong>. Hochkar\u00e4tig besetzt mit lauter deutschen Oscar-Stars (Hannes Jaenicke, Christine Neubauer, Armin Rohde) und offenbar gut beraten von eben jenen hochbezahlten <em>Script Doctors<\/em>, die uns in der Vergangenheit schon mit Filmen wie <em>Pirates of the Caribbean 3, Catwoman<\/em> und <em>Angriff der Killertomaten<\/em> so viel Freude bereitet haben. Die RTL-Ank\u00fcndigung des dramatischen Plots l\u00e4sst jedenfalls vermuten, dass mindestens 81 Millionen Deutsche begeistert zuschauen werden, geht es doch im Kern (sic) um ein wissenschaftlich fundiertes Horrorszenario. Eines, das sicher etliche Autoren (und nicht nur ich) zirka 2007 an die Sender herangetragen hatten, als in Genf der neue Hadronencollider in Betrieb genommen wurde und man durchaus mal thrillernd drauflosspinnen durfte, was denn passieren <em>k\u00f6nnte<\/em>, wenn die Wissenschaftler aus Versehen <em>beinahe<\/em> ein schwarze Loch erzeugten. Das \u201ebeinahe\u201c war uns dabei allerdings wichtig, denn erzeugten die Forscher <em>tats\u00e4chtlich<\/em> eins, l\u00e4g\u00b4s ja zwingend und unaufhaltsam in der Natur des schwarzen Loches, die Erde einfach auf Erbsengr\u00f6\u00dfe zu verdichten und zu verschlucken. Und so was w\u00e4re ja doch ein bi\u00dfchen \u00f6de, als Film.<\/p>\n<p>Um solchen korrekten Quark scheren sich die Firma Dreamtool und RTL allerdings nicht die Bohne. Deren Genfer Forscher <em>schaffen<\/em> ein schwarzes Loch. Dadurch ergeben sich total fiese \u201eGravitationsver\u00e4nderungen\u201c, weshalb ganz viel Zeug vom Himmel f\u00e4llt, nat\u00fcrlich alles voll in den Reichstag. W\u00e4hrend im Genfer Hadronenkeller Heikko Deutschmann das schwarze Loch einsperrt, die dicke Eisent\u00fcr ganz, ganz fest zudr\u00fcckt und so die Menschheit erstmal rettet, st\u00fcrzt Bundeskanzler Lauterbach nicht mit dem Flugzeug ab, daf\u00fcr aber viele Touristen auf dem Weg nach Malle (\u201eGemein!\u201c). Die nat\u00fcrlich eben frisch gefeuerte Wissenschaftler-Heldin (Kassandra Paul) sagt nun voraus, dass das b\u00f6se Loch hinter der Eisent\u00fcr als N\u00e4chstes die Erde fressen &#8230; nein, dass es eine <em>EMP-Welle<\/em> entstehen lassen wird! Wieso? Egal! Hauptsache: EMP macht alle Elektronik kaputt! (\u201eWie, auch mein neues iPhone! Gemein!\u201c) Au\u00dferdem! verschiebt das Loch die Kontinentalplatten! (\u201eWie, auch meine Original-Modern-Talking-Singles! Och, n\u00f6!\u201c) Das bedeutet: Chaos. Kein Strom, explodierende Gasleitungen, und Joey\u00b4s Pizzadienst kommt auch nicht mehr durch! Kurz: Der Weltuntergang droht, Armaggeddon winkt, es ist zwei vor Zw\u00f6lf!<\/p>\n<p>Das schwarze Loch r\u00fcttelt unterdessen weiter mit beiden H\u00e4nden an der b\u00f6sen Eisent\u00fcr und hat sich sogar schon eine Feile gebastelt. Wenn das Ding da rauskommt, dann ist alles vorbei! Eine eilig einberufene G8-Konferenz beschlie\u00dft, das Loch einfach volle M\u00f6hre in die Luft zu jagen, sprich Genf atomar zu sprengen. (\u201eJa, das ist die gerechte Strafe, das sind doch eh alles Verbrecher, diese Banken!\u201c) &#8211; aber die geniale Wissenschaftlerin hat noch eine viel bessere Idee: \u201eWir schalten den Teilchenbeschleuniger einfach <em>ab<\/em>! Da muss es doch einen Sicherungskasten geben! Los, Leute, auf die Pferde, nach Genf!\u201c<\/p>\n<p>Ich kann nicht mehr. RTL, \u00fcbernehmen Sie: \u201eGelingt es, das au\u00dfer Kontrolle geratene Projekt zu stoppen und die Menschen zu retten? Das sehen Sie am Donnerstag den 3. Oktober um 20.15 Uhr bei <a href=\"http:\/\/www.rtl.de\/cms\/sendungen\/spezial\/helden--wenn-dein-land-dich-braucht\/helden-wenn-dein-land-dich-braucht-der-welt-droht-der-untergang-31e6b-be48-13-1617971.html\" target=\"_blank\">RTL<\/a>.\u201c<\/p>\n<p>P.S.: Yvonne Catterfeld spielt Andrea Weber, die Leiterin des Collider-Betriebskindergartens: \u201eUnd, liebe Eltern, liebe Hirnamputierte, das m\u00fcssen wir doch alle sagen: Eine sch\u00f6ne Geschichte haben die Dreij\u00e4hrigen sich da ausgedacht.\u201c<\/p>\n","protected":false},"excerpt":{"rendered":"<p>RTL verspricht f\u00fcr Donnerstag, den 3. Oktober, ein totales Drama. Titel: Helden \u2013 wenn dein Land dich braucht. Hochkar\u00e4tig besetzt mit lauter deutschen Oscar-Stars (Hannes Jaenicke, Christine Neubauer, Armin Rohde) und offenbar gut beraten von eben jenen hochbezahlten Script Doctors, &hellip; <a href=\"https:\/\/www.xn--erzhler-7wa.net\/?p=904\">Weiterlesen <span class=\"meta-nav\">&rarr;<\/span><\/a><\/p>\n","protected":false},"author":1,"featured_media":0,"comment_status":"open","ping_status":"open","sticky":false,"template":"","format":"standard","meta":{"footnotes":""},"categories":[1],"tags":[79,134],"_links":{"self":[{"href":"https:\/\/www.xn--erzhler-7wa.net\/index.php?rest_route=\/wp\/v2\/posts\/904"}],"collection":[{"href":"https:\/\/www.xn--erzhler-7wa.net\/index.php?rest_route=\/wp\/v2\/posts"}],"about":[{"href":"https:\/\/www.xn--erzhler-7wa.net\/index.php?rest_route=\/wp\/v2\/types\/post"}],"author":[{"embeddable":true,"href":"https:\/\/www.xn--erzhler-7wa.net\/index.php?rest_route=\/wp\/v2\/users\/1"}],"replies":[{"embeddable":true,"href":"https:\/\/www.xn--erzhler-7wa.net\/index.php?rest_route=%2Fwp%2Fv2%2Fcomments&post=904"}],"version-history":[{"count":3,"href":"https:\/\/www.xn--erzhler-7wa.net\/index.php?rest_route=\/wp\/v2\/posts\/904\/revisions"}],"predecessor-version":[{"id":907,"href":"https:\/\/www.xn--erzhler-7wa.net\/index.php?rest_route=\/wp\/v2\/posts\/904\/revisions\/907"}],"wp:attachment":[{"href":"https:\/\/www.xn--erzhler-7wa.net\/index.php?rest_route=%2Fwp%2Fv2%2Fmedia&parent=904"}],"wp:term":[{"taxonomy":"category","embeddable":true,"href":"https:\/\/www.xn--erzhler-7wa.net\/index.php?rest_route=%2Fwp%2Fv2%2Fcategories&post=904"},{"taxonomy":"post_tag","embeddable":true,"href":"https:\/\/www.xn--erzhler-7wa.net\/index.php?rest_route=%2Fwp%2Fv2%2Ftags&post=904"}],"curies":[{"name":"wp","href":"https:\/\/api.w.org\/{rel}","templated":true}]}}