{"id":2580,"date":"2021-05-10T15:21:23","date_gmt":"2021-05-10T15:21:23","guid":{"rendered":"https:\/\/www.xn--erzhler-7wa.net\/?p=2580"},"modified":"2021-05-10T15:21:23","modified_gmt":"2021-05-10T15:21:23","slug":"ab-ins-exil-oder-ab-ins-kinderheim","status":"publish","type":"post","link":"https:\/\/www.xn--erzhler-7wa.net\/?p=2580","title":{"rendered":"Ab ins Exil oder ab ins Kinderheim?"},"content":{"rendered":"\n<p><em>Die deutsche \u00c4rzteschaft fordert in einem Beschluss von der deutschen Politik, die \u201egleichberechtigte gesellschaftliche Teilhabe\u201c d\u00fcrften \u201eFamilien nur mit geimpften Kindern zur\u00fcckerlangen\u201c. Damit droht renitenten Eltern weit mehr als die famili\u00e4re Abschiebung in die Impfapartheit, der weltweit einzigartige deutschen Staatsschulzwang st\u00f6\u00dft eine ganz andere T\u00fcr sperrangelweit auf: Wer sein Kind nicht beschulen lassen kann, weil es ungeimpft ist, droht das Sorgerecht<\/em> zu verlieren.<\/p>\n\n\n\n<p>Einordnende R\u00fcckblende: Ich gestatte mir, Neuleser meines Blog darauf hinzuweisen, dass ich 2016 meine Frau und meine Tochter deportiert habe, nach Frankreich, zu Freunden. Eine unbekannte T\u00e4terin hatte damals am Gymnasium einen Anschlag auf meine Tochter ver\u00fcbt , die Kripo ermittelte wegen versuchter schwerer K\u00f6rperverletzung inklusive Inkaufnahme der T\u00f6tung des Opfers, musste ihre Ermittlungen aber sofort wieder einstellen, da die Tatverd\u00e4chtige erst zw\u00f6lf Jahre alt war und daher nicht verh\u00f6rt werden konnte. Jugendamt und Psychologen waren auf meiner Seite, als ich eine vor\u00fcbergehende Beschulung meiner Tochter durch einen Privatlehrer anregte (von mir bezahlt), die Schulbeh\u00f6rde weigerte sich allerdings, irgendwelche Empfehlungen und Gutachten zu lesen und k\u00fcndigte an, wenn meine Tochter nicht binnen zwei Wochen an einer neuen Schule erschiene, w\u00fcrde man sie meiner Frau und mir entziehen, sie in die Psychiatrie einweisen und geeignet medikament\u00f6s betreuen.<\/p>\n\n\n\n<p>Wie die meisten Eltern wusste ich damals nichts allzu Genaues \u00fcber die diesbez\u00fcgliche Rechtslage in Deutschland, lernte aber notgedrungen schnell. Daher die Deportation meiner Frau und meiner Tochter. Es ging ja nicht anders.<\/p>\n\n\n\n<p>Meine Tochter hat hernach \u2013 in Frankreich lebend, online auf Deutsch beschult (doch, <em>das<\/em> ist erlaubt) \u2013 eine Klasse \u00fcbersprungen, ihre mittlere Reife mit prima Noten in NRW abgelegt und ist weiterhin eine wunderbare junge Dame mit hoher Sozialkompetenz sowie ihrem IQ in den obersten 5%. Ich gehe davon aus, dass sie diese Kompetenzen sinnvoll einsetzen wird, im Ausland. Die damaligen Vorf\u00e4lle haben sie f\u00fcr ihr Leben einiges gelehrt, sie wird sich nicht an die Beh\u00f6rden wenden, wenn ihr Unrecht widerf\u00e4hrt, und sie wird sich sicher nicht als Beamtin bewerben. Mich und meine Frau hat der damalige Ausflug all unsere Ersparnisse und Rentenanspr\u00fcche gekostet. Aber all das schreibe ich Ihnen nicht, weil ich bemitleidet werden m\u00f6chte (Danke, es geht uns gut, unsere Tochter ist heil, der Rest ist nebens\u00e4chlich), sondern nur als pers\u00f6nliche Einleitung im Sinne von \u201ewer ist er denn, was wei\u00df der schon?\u201c &#8211; zu jenem j\u00fcngst geschaffenen Sachverhalt, den Sie als Eltern zumindest kennen, verstehen und f\u00fcr sich selbst bewerten sollten: dem Beschlussprotokoll der deutschen Bundes\u00e4rztekammer zum Muttertag 2021. (1)<\/p>\n\n\n\n<p>Von der FASZ t\u00f6nte noch in den sonnigen Sonntagsmorgen der Titelseiten-\u201eAufschrei von Lucia Schmidt\u201c \u201eBefreit die Jugend!\u201c (Juhuu, aber Spoiler, zwischen den Zeilen: da k\u00f6nnte Impfen helfen), w\u00e4hrend Astra fl\u00e4chendeckend freigegeben wurde, die WAMS zus\u00e4tzlich den kommenden \u201eSuperimpfstoff\u201c bereits im Blick hatte und vollst\u00e4ndig passend zur neuen Religion Magnus Heier konstatierte \u201eideal, um viele Menschen zu impfen, w\u00e4ren Kirchen\u201c (ebenfalls in der FASZ) (2), aber in diesen inzwischen zerm\u00fcrbend normalen Spritzen-Taufrausch mischte sich dann auch von der Seite ein (jedenfalls f\u00fcr mich) alarmierendes Abstimmungsergebnis aus der deutschen \u00c4rzteschaft, denn deren Vertreter hatten mit 210 zu 7 Stimmen (6 Enthaltungen) auf ihrem \u00c4rztetag (online) ganz am Rande einen Beschluss gefasst, der in einer Forderung gipfelt, und zwar dieser: \u201eDie gleichberechtigte gesellschaftliche Teilhabe erlangen Familien mit Kindern nur mit geimpften Kindern zur\u00fcck.\u201c<\/p>\n\n\n\n<p>Das kann zwar ein \u00c4rztetag nicht beschlie\u00dfen, aber immerhin so formulieren und von der Politik fordern, dazu braucht es ja nur einen geeigneten Antrag von Mitgliedern. Der Tagesordnungspunkt \u201eNotwendige COVID-19-Impfstrategie f\u00fcr Kinder und Jugendliche 2021\/2022\u201c beinhaltet im Wesentlichen dieses Fazit betreffend unsere \u201e14% unter 16j\u00e4hrigen\u201c Mitb\u00fcrger: \u201eAuch Kinder und Jugendliche haben deutliche gesundheitliche Risiken infolge einer SARS- CoV-2-Erkrankung. Deshalb muss die Immunit\u00e4t auch f\u00fcr diese Gruppe durch eine Impfung und nicht durch eine Durchseuchung erzielt werden.\u201c (\u2026) \u201eDas Recht auf Bildung mit Kita- und Schulbesuch kann im Winter 2021\/2022 nur mit einer rechtzeitigen COVID-19-Impfung gesichert werden. Ohne rechtzeitige Impfung, insbesondere auch f\u00fcr j\u00fcngere Kinder, f\u00fchrt ein erneuter Lockdown f\u00fcr diese Altersgruppe zu weiteren gravierenden negativen Folgen f\u00fcr die kindliche psychische Entwicklung.\u201c<\/p>\n\n\n\n<p>Die damit zusammenh\u00e4ngenden Forderungen sind regelrecht logisch: \u201eDer 124. Deutsche \u00c4rztetag 2021 fordert die Bundesregierung auf, unverz\u00fcglich eine COVID-19-Impfstrategie f\u00fcr Kinder und Jugendliche zu entwickeln und vor Einsetzen des Winters 2021\/2022 umzusetzen. Dazu geh\u00f6rt es u. a., die Forschung zu Impfstoffen f\u00fcr Kinder und Jugendliche unter 16 Jahren sofort und nachhaltig mit ausreichenden finanziellen und organisatorischen Ma\u00dfnahmen zu f\u00f6rdern, hinreichend ad\u00e4quate Impfstoffe zu bestellen und zeitnah auszuliefern, proaktiv mediale Kommunikation f\u00fcr die Impfung von Kindern und Jugendlichen vorzubereiten und umzusetzen sowie Kinder- und Jugend\u00e4rzte in Praxis, Klinik und \u00d6ffentlichem Gesundheitsdienst (\u00d6GD) und Haus\u00e4rzte als Drehscheibe f\u00fcr Kommunikation und bei kurzfristiger Impfdurchf\u00fchrung zu unterst\u00fctzen.\u201c<\/p>\n\n\n\n<p>Zugegeben, es liest sich ein bisschen sonderbar. Die \u201eunverz\u00fcgliche Impfstrategie\u201c zu entwickeln, das k\u00f6nnte ja auch die Pharmaindustrie fordern oder eben die Regierung von den \u00c4rzten, aber, mei, es k\u00f6nnen ja auch andersrum mal die \u00c4rzte was von der Regierung fordern, so kann die Regierung auf den Druck der \u00c4rzte reagieren und trifft keine politisch motivierte Entscheidung, sondern beugt sich dem Druck von echten Fachleuten. Dass <em>\u00c4rzte<\/em> in dem Zusammenhang dann auch gleich noch von der <em>Regierung<\/em> fordern, diese solle ihre Propagandamaschine zus\u00e4tzlich anfeuern (\u201e\u00c4rztetag (\u2026) fordert die Bundesregierung auf (&#8230;) proaktiv mediale Kommunikation f\u00fcr die Impfung von Kindern und Jugendlichen vorzubereiten und umzusetzen\u201c) f\u00e4llt dem unschuldigen Betrachter sicher auch nicht als ungew\u00f6hnlich auf, ebenso wenig d\u00fcrfte dieser bemerken, dass die 210 zu 7 \u00c4rzte ja de facto mit Nachdruck verlangen, ihre Regierung m\u00f6ge Minderj\u00e4hrige zur Teilnahme an einer laufenden Medikamentenstudie f\u00f6rmlich n\u00f6tigen. Der altmodische Grundsatz \u201eprimum non nocere\u201c scheint unter den Tisch gefallen zu sein, der N\u00fcrnberger Kodex gleich mit, aber wo wir schon mal da sind, unterm Tisch, wollen wir doch auch gleich noch konstatieren, welche sonderbare Sonderstellung hier die deutsche \u00c4rzteschaft einnimmt als weltweite Speerspitze der Pandemiebek\u00e4mpfung mittels Durchimpfung der Gesamtbev\u00f6lkerung von der Wiege an.<\/p>\n\n\n\n<p>Hier ist sicher nicht der Ort, diese besondere deutsche Neigung etwas gr\u00fcndlicher auszuleuchten (3), belassen wir es dabei, dass wir eben hervorragend solidarisch sind und generell zu mehr Opfern bereit als die Bewohner anderer L\u00e4nder. Uns st\u00f6rt es nicht, in einem Niedriglohnland zu leben und die weltweit h\u00f6chsten Strompreise zu zahlen, wenig Wohneigentum zu besitzen und kaum Rentenanspr\u00fcche (4). Und auch in Sachen Gesundheit gehen wir gern geschlossen voran, wir werden zwar nicht so alt wie die Menschen in all unseren Nachbarl\u00e4ndern (5), haben aber daf\u00fcr das sch\u00f6nste und teuerste Gesundheitssystem. Man g\u00f6nnt sich ja sonst nichts.<\/p>\n\n\n\n<p>Entscheidend an Antrag und Beschluss der 210 zu 7 \u00c4rzte aber ist, nochmals wiederholt: \u201eDie gleichberechtigte gesellschaftliche Teilhabe erlangen Familien mit Kindern nur mit geimpften Kindern zur\u00fcck.\u201c<\/p>\n\n\n\n<p>Was nur \u2013 schlimm genug \u2013 wie die Forderung nach Impfapartheit klingt, enth\u00e4lt aufgrund des deutschen Sonderweges in Sachen Schulpflicht fast unsichtbar eine gr\u00f6\u00dfere Portion TNT. Denn den meisten Eltern ist nicht bewusst, dass die Staatsschulgeb\u00e4udeanwesenheitspflicht, begr\u00fcndet mit einem \u00fcbrig gebliebenen Gesetz von 1938, ansonsten weltweit eigentlich nur in Nordkorea gilt (6). Sprich: Stellten zum Beispiel franz\u00f6sische \u00c4rztevertreter eine so beispiellose Forderung an die eigene Regierung wie die deutschen \u00c4rzte, bliebe den Eltern die Option, \u00c4rzten wie Regierung einen Apartheitsvogel zu zeigen und sich selbst wie dem eigenen Kinde zu sagen \u201egut, wenn diese Typen alle durchdrehen, dann beschulen wir dich halt zu Hause oder privat.\u201c<\/p>\n\n\n\n<p>Das aber ist in Deutschland unm\u00f6glich &#8211; und strafbewehrt. Will sagen: Es besteht keine <em>Impf<\/em>pflicht (nat\u00fcrlich nicht! Niemals!), aber es besteht <em>Schul<\/em>pflicht. <em>Darf<\/em> nun das Kind nicht am Schulunterricht teilnehmen, weil es ungeimpft ist und so andere gef\u00e4hrdet (\u201eAuch Kinder und Jugendliche haben deutliche gesundheitliche Risiken infolge einer SARS- CoV-2-Erkrankung\u201c) <em>muss<\/em> das gef\u00e4hrdende Kind dennoch am Schulunterricht teilnehmen. Nimmt es nicht teil und sorgen die Erziehungsberechtigten nicht daf\u00fcr, dass das Kind seiner Pflicht nachkommt, wird den Eltern das Sorgerecht entzogen. Der Staat \u00fcbernimmt dann mittels Heimunterbringung und sorgt f\u00fcrs Kindeswohl \u2013 dazu geh\u00f6rt, nat\u00fcrlich, die Impfung, denn nur die sch\u00fctzt das Kind vor schwerer Erkrankung sowie der f\u00fcr die Kindesseele so sch\u00e4dlichen Isolation von Gleichaltrigen. (Wer wollte bestreiten, dass es im Schlafsaal viel sch\u00f6ner ist als zu Hause, so allein im Kinderzimmer).<\/p>\n\n\n\n<p>Eltern bleibt mithin in dieser weltweit fast einzigartigen Pflichtenkonstellation nur die Wahl, ihr minderj\u00e4hriges Kind als Versuchskaninchen zur Verf\u00fcgung zu stellen und bei sich zu Hause zu behalten, oder ihr Kind als Versuchskaninchen zur Verf\u00fcgung zu stellen und in staatliche F\u00fcrsorgehand zu verlieren.<\/p>\n\n\n\n<p>Gleich wie: Die Option, im Namen des Kindes die Impfung zu verweigern, besteht ausdr\u00fccklich nicht \u2013 sofern die \u00c4rzte mit \u201eihrer\u201c Forderung bei der Regierung Geh\u00f6r finden, also einer Forderung, die, wie bereits oben bemerkt, rein zuf\u00e4llig klingt, als sollte sie doch eigentlich von Seiten der Pharmaindustrie und Regierung an die \u00c4rzteschaft herangetragen werden. Aber gut, das sind Petitessen, wen k\u00fcmmert\u00b4s noch, wer was von wem verlangt, wenn doch alle das gleiche Ma\u00df an Vernunft permanent unter Beweis stellen.<\/p>\n\n\n\n<p>Welcher Ausweg bleibt Eltern, die irrglauben, sie verst\u00fcnden irgendwas von Kindeswohl oder w\u00fcrden gar ihr eigenes Kind gut kennen? Die Gr\u00fcndung eigener, freier, ungeimpfter Schulen? Beileibe nicht, denn der Staat entscheidet, was an diesen Schulen erlaubt ist und was nicht. Im \u00fcbrigen schlage man sich derartige Ideen auch schon deshalb sofort aus dem Kopf, weil die Mehrheit solche, weitere Pandemien treibenden Superspreaderzentralen im Leben nicht in der eigenen Nachbarschaft dulden w\u00fcrde. Vergessen wir nicht, dass die kl\u00fcgste Stimme unserer Massen, Propagandaphilosoph Richard David, nicht erst 2021 die Maske hat fallen lassen, sondern schon 2013 in <em>\u201eAnna, die Schule und der liebe Gott\u201c<\/em> ganz grunds\u00e4tzlich schwerste Stellung bezogen hat gegen jeden Versuch verr\u00fcckter Eltern, die Staatsschulpflicht wie \u00fcberall auf der Welt als Bildungspflicht (der Eltern ihrem Kind gegen\u00fcber) zu verankern: diese Idee ist, wei\u00df Precht, \u201eabwegig\u201c und \u201ein jeder Hinsicht asozial\u201c, jede nicht-staatliche Bildung verfehlt ihr Ziel, denn: \u201cEin\u00fcbung in demokratische Staatsb\u00fcrgerlichkeit sieht anders aus.\u201c Daher forderte Precht schon 2013 die \u201eAllgemeine Kindergartenpflicht vom dritten Lebensjahr an (\u2026) diesen nicht allzu hohen Preis m\u00fcssen sie (Eltern, die ihre Kinder in diesem Alter gern bei sich zu Hause behalten m\u00f6chten) f\u00fcr das Allgemeinwohl und die Zukunft des Landes zahlen.\u201c (7)<\/p>\n\n\n\n<p>Die nasale Stimme des Volkes wusste zu erg\u00e4nzen, weise wie stets: \u201eJeder Widerstand gegen diese \u201eKindergartenpflicht (\u2026) wird sich schnell \u00fcberleben.\u201c<\/p>\n\n\n\n<p>Jawoll. Fragt sich nun nur: Der Widerstand gegen die verkappte Impfpflicht auch? Vermutlich. Aber dann bleibt, jedenfalls bis zur Formierung des \u201eTeam Mensch\u201c (8) als alles ver\u00e4ndernder Kraft, Eltern minderj\u00e4hriger Kinder tats\u00e4chlich keine Wahl \u2013 sofern sie das Kindeswohl anders definieren als Staat und Staatsphilosoph, k\u00f6nnen sie nur noch den Ausweg w\u00e4hlen, den meine Familie und ich damals w\u00e4hlen mussten. Der Preis ist hoch, wohl wahr, es droht die eigene materielle Vernichtung. Wir haben diesen Preis damals gezahlt, weil es um Leben und Tod unserer Schutzbefohlenen ging, denn unsere Tochter verk\u00f6rpert die Zukunft.<\/p>\n\n\n\n<p>Aber damit dieser kleine Zwischenruf geeignet vers\u00f6hnlich endet, will ich ihn gern mit der Versicherung beschliessen, dass ich selbstredend Gespenster sehe (wenn auch nicht unter den Betten meiner Kinder), zur Obrigkeitsskepsis neige, zum Radikalhumanismus und obendrein glaube, besser als ihr, der Staat, zu wissen, was meine Kinder so brauchen an Zuwendung, Geistes- und Herzensbildung. So will ich also gern einr\u00e4umen, dass ich Teil einer Minderheit bin &#8211; und w\u00fcnsche der Mehrheit von ganzem Herzen, dass ihre unausgesprochene Hoffnung sich erf\u00fcllt, dieses ewig zwischen allen Zeilen schwingende: \u201eAch, es wird schon gutgehen.\u201c<\/p>\n\n\n\n<p>Es wird sich zeigen. Aber kommt mir nicht zum Studienende 2023 mit der Klage \u201eDas h\u00e4tte uns ja auch mal einer sagen k\u00f6nnen.\u201c\u00a0\u00a0 \u00a0<\/p>\n\n\n\n<p><\/p>\n\n\n\n<p>(1) <a href=\"https:\/\/www.bundesaerztekammer.de\/fileadmin\/user_upload\/downloads\/pdf-Ordner\/124.DAET\/Beschlussprotokoll_Stand_06.05.2021.pdf\">https:\/\/www.bundesaerztekammer.de\/fileadmin\/user_upload\/downloads\/pdf-Ordner\/124.DAET\/Beschlussprotokoll_Stand_06.05.2021.pdf<\/a>, S. 31<\/p>\n\n\n\n<p>(2) FASZ, 9. Mai 2021, \u201eMacht hoch die T\u00fcr\u201c \u2013 \u201eIdeal, um viele Menschen zu impfen, w\u00e4ren Kirchen.\u201c (S. 60) Gastautor Magnus Heier ist Facharzt f\u00fcr Neurologie in Castrop-Rauxel, also sicher Experte f\u00fcr Impfungen, Grundrechte und Religion.<\/p>\n\n\n\n<p>(3) Siehe Wer, wenn nicht Bill\/Wir!, S. 22 ff (Rubikon 2021)<\/p>\n\n\n\n<p>(4) Ebd.<\/p>\n\n\n\n<p>(5) Vergl. Rette sich, wer kann! (S. 26 ff), Westend 2019<\/p>\n\n\n\n<p>(6) Hurra, hurra, die Schulpflicht brennt. Rubikon, 15. April 2017<\/p>\n\n\n\n<p><a href=\"https:\/\/www.rubikon.news\/artikel\/hurra-hurra-die-schulpflicht-brennt\">https:\/\/www.rubikon.news\/artikel\/hurra-hurra-die-schulpflicht-brennt<\/a><\/p>\n\n\n\n<p>(7) S. David Richard Precht, Anna, die Schule und der liebe Gott, Goldmann 2013, S. 297-299<\/p>\n\n\n\n<p>(8) Siehe \u201eWer, wenn nicht Bill\/Wir!\u201c<\/p>\n","protected":false},"excerpt":{"rendered":"<p>Die deutsche \u00c4rzteschaft fordert in einem Beschluss von der deutschen Politik, die \u201egleichberechtigte gesellschaftliche Teilhabe\u201c d\u00fcrften \u201eFamilien nur mit geimpften Kindern zur\u00fcckerlangen\u201c. Damit droht renitenten Eltern weit mehr als die famili\u00e4re Abschiebung in die Impfapartheit, der weltweit einzigartige deutschen Staatsschulzwang &hellip; <a href=\"https:\/\/www.xn--erzhler-7wa.net\/?p=2580\">Weiterlesen <span class=\"meta-nav\">&rarr;<\/span><\/a><\/p>\n","protected":false},"author":1,"featured_media":0,"comment_status":"open","ping_status":"open","sticky":false,"template":"","format":"standard","meta":{"footnotes":""},"categories":[1,180,8],"tags":[191,190,167],"_links":{"self":[{"href":"https:\/\/www.xn--erzhler-7wa.net\/index.php?rest_route=\/wp\/v2\/posts\/2580"}],"collection":[{"href":"https:\/\/www.xn--erzhler-7wa.net\/index.php?rest_route=\/wp\/v2\/posts"}],"about":[{"href":"https:\/\/www.xn--erzhler-7wa.net\/index.php?rest_route=\/wp\/v2\/types\/post"}],"author":[{"embeddable":true,"href":"https:\/\/www.xn--erzhler-7wa.net\/index.php?rest_route=\/wp\/v2\/users\/1"}],"replies":[{"embeddable":true,"href":"https:\/\/www.xn--erzhler-7wa.net\/index.php?rest_route=%2Fwp%2Fv2%2Fcomments&post=2580"}],"version-history":[{"count":1,"href":"https:\/\/www.xn--erzhler-7wa.net\/index.php?rest_route=\/wp\/v2\/posts\/2580\/revisions"}],"predecessor-version":[{"id":2581,"href":"https:\/\/www.xn--erzhler-7wa.net\/index.php?rest_route=\/wp\/v2\/posts\/2580\/revisions\/2581"}],"wp:attachment":[{"href":"https:\/\/www.xn--erzhler-7wa.net\/index.php?rest_route=%2Fwp%2Fv2%2Fmedia&parent=2580"}],"wp:term":[{"taxonomy":"category","embeddable":true,"href":"https:\/\/www.xn--erzhler-7wa.net\/index.php?rest_route=%2Fwp%2Fv2%2Fcategories&post=2580"},{"taxonomy":"post_tag","embeddable":true,"href":"https:\/\/www.xn--erzhler-7wa.net\/index.php?rest_route=%2Fwp%2Fv2%2Ftags&post=2580"}],"curies":[{"name":"wp","href":"https:\/\/api.w.org\/{rel}","templated":true}]}}