{"id":2495,"date":"2020-11-11T20:44:06","date_gmt":"2020-11-11T20:44:06","guid":{"rendered":"https:\/\/www.xn--erzhler-7wa.net\/?p=2495"},"modified":"2020-11-11T20:52:50","modified_gmt":"2020-11-11T20:52:50","slug":"covileaks-1","status":"publish","type":"post","link":"https:\/\/www.xn--erzhler-7wa.net\/?p=2495","title":{"rendered":"CoviLeaks #1"},"content":{"rendered":"\n<p>(Ausz\u00fcge aus Papieren des internen Beraterstabes der Bundesregierung, AZ 11-0AG11-DI, 10. 11. 2020. Nur f\u00fcr den internen Gebrauch).<\/p>\n\n\n\n<p>@ Kanzleramt,\nalle Bundesministerien, (\u2026) Der deutsche \u201eLockdown\u201c kam schon im April <em>light<\/em>\ndaher, vergleichsweise sp\u00e4t und inkonsequent, andere L\u00e4nder wie China,\nAustralien, Neuseeland und die S\u00fcdeurop\u00e4er waren diesbez\u00fcglich erheblich konsequenter.\nNun wissen wir, dass Deutschland DAS europ\u00e4ische Transitland ist und mehr Au\u00dfengrenzen\nhat als alle Vergleichsnationen, obendrein ist ein Virus kein Rassist und\nerkennt auch nicht an Beschilderungen am Stra\u00dfenrand, wo L\u00e4nder enden und\nandere anfangen. Daher m\u00fcsste Covid fraglos auf deutschem Gebiet anteilig\nbezogen auf die Gesamtbev\u00f6lkerung ebenso viele Opfer fordern wie in allen\nanderen europ\u00e4ischen Staaten, wo die Zahlen <em>unabh\u00e4ngig<\/em> von der\nKonsequenz der ergriffenen Ma\u00dfnahmen \u00e4hnlich hoch sind &#8211; von Schweden (6.000\nTote bei rd. 10 Mio Einwohner) bis Frankreich (40.000 Tote bei 67 Mio Einwohner).\nF\u00fcr Deutschland w\u00e4ren demnach zwischen 50.000 und 60.000 Tote zu erwarten\ngewesen, gottlob sind diese ausgeblieben. Weshalb? Wieso hat Deutschland nur\n11.000 Covid-Opfer zu beklagen? (\u2026) Dank strammer Vernetzung wir unsere MSM so\ngut im Griff, dass niemand nach diesem \u201eElefanten im Zimmer\u201c fragt. Die\nzwischendurch in den sozialen Medien aufgetauchte <em>Fake News<\/em> ist (dank\nCorrectiv) (1) widerlegt, es best\u00fcnde ein Zusammenhang zwischen der Quote der\nGrippe-Durchimpfung und \u201eTod mit\/durch Covid\u201c, die Zahlen geben ja tats\u00e4chlich\nbestenfalls nichts her, jedenfalls keine eindeutige Korrelation. Aber Vorsicht!\nDas gebetsm\u00fchlenartige Wiederholen der Legende \u201eDas verdanken wir alles nur\nunseren \u00b4Ma\u00dfnahmen\u00b4, dass wir keine 50.000 Toten haben\u201c (oft: Lauterbach) ist dringend\neinzustellen, sonst kommt doch noch jemand auf die Wahrheit. Die wir alle\nkennen: Sars-Cov-19 verk\u00fcrzt das Leben vor allem in hohem und h\u00f6chstem Alter. Und\ngenau hier ist Deutschland eindeutig im Vorteil, denn wir <em>haben<\/em> gar\nkeine so alten Leute wie unsere Nachbarl\u00e4nder. Spanier, Italiener, Franzosen,\nSchweden <em>leben im Schnitt 2,5-3 Jahre l\u00e4nger als wir<\/em>. (\u2026) Unser als \u201ebestes\nGesundheitssystem der Welt\u201c propagiertes System tr\u00e4gt also nichts dazu bei, uns\nwenigstens so lange am Leben zu halten wie alle anderen Europ\u00e4er. In &nbsp;nuce: Wir sterben schlicht im Schnitt viel fr\u00fcher\nals alle anderen. Diese k\u00fcrzere Lebenserwartung kommt uns jetzt statistisch\nzugute. <em>Denn ehe wir Deutschen das Alter erreichen, in dem Sars-Cov-19\nwirklich lebensgef\u00e4hrlich werden kann, sind wir schon 3 Jahre tot. <\/em>Aber das\ndarf KEINESFALLS kommuniziert werden!<\/p>\n\n\n\n<p>(\u2026) Kommunikationsstrategie\nbleibt diesbez\u00fcglich kategorisches Herausstellen der <em>\u00dcberlegenheit<\/em> des\ndeutschen Krankensystems (dringend zu verschweigen sind verk\u00fcrzte\nLebenserwartung, Sommerkurzarbeit und Lage der Pfleger im Allgemeinen) sowie\nggf. zuk\u00fcnftig kommunikativ zu betonen (Vorschlag!): \u201eGesund dank offener Arme!\u201c\nDenn: W\u00e4hrend alle anderen europ\u00e4ischen L\u00e4nder 2015\/16 ihre Grenzen mehr oder\nminder hermetisch zugenagelt hatten, haben wir (schaffen das!) mittels Aufnahme\nvon einer Million wildfremden Leuten <em>das kollektive Immunsystem gest\u00e4rkt<\/em>.\nDaher konnten wir mit Corona-Viren schon immer besser umgehen als alle anderen,\nund k\u00f6nnen das auch mit der Corona-Variante \u201eSars-Cov-19\u201c. (Sofern wir diese\nStrategie w\u00e4hlen, w\u00e4ren wir auch Sarrazin endlich los und h\u00e4tten alle Kritik am\ndamaligen Kurs der Kanzlerin wirksam \u201e\u00fcber Bande\u201c eliminiert).<\/p>\n\n\n\n<p>@\nGesundheitsministerum #1: <strong>Vorsicht<\/strong>! Bekanntlich hat das Berliner\nSuperpreader-Demo-Event im Sommer (40.000-1.000.000 Teilnehmer, Demonstranten\naus ganz Deutschland, keine Masken, keine Abst\u00e4nde) gezeigt: Die Fallzahlen\nexplodieren nach solchen Events \u2013 leider auf den Wert null. Dies sowohl in\nKrankenh\u00e4usern und Arztpraxen als auch in unserem weltweit einzigartigen\nFr\u00fchwarnsystem, dem der Sentinelpraxen. (Siehe auch den bedauerlicherweise\nver\u00f6ffentlichten damaligen Bericht des RKI: \u201eSeit der 16. KW 2020 gab es keine\nNachweise mehr von SARS-CoV2 im Sentinel\u201c (Seite 3). (\u2026) Zum Gl\u00fcck haben wir\ninzwischen seit Beginn der \u00fcblichen Grippesaison wieder einige wenige\nCovid-F\u00e4lle, und die k\u00f6nnen wir jetzt bundesweit problemlos all den Leuten\nanh\u00e4ngen, die aus ganz Deutschland nach Leipzig gereist sind. (\u2026) Sollten\nsolche Leute partout nicht zu finden sein, gen\u00fcgt die Behauptung, alle neuen\nF\u00e4lle gingen auf aus Leipzig zur\u00fcckkehrende Reisende zur\u00fcck.<\/p>\n\n\n\n<p>@ Gesundheitsministerium #2: <strong>Vorsicht<\/strong>!\nWie die j\u00fcngsten Zahlen des RKI belegen, werden von zuletzt 18-20.000 t\u00e4glich\npositiv PCR-Getesteten nach 14 Tagen 15-20.000 als \u201egeheilt\u201c wieder aus der\nQuarant\u00e4ne entlassen, ohne in diesem Zeitraum Symptome entwickelt zu haben. Es\nhandelt sich nur in wenigen F\u00e4llen um Spieler des FC Bayern. Wir raten davon\nab, diese Zahlen zu kommunizieren. (\u2026) Erst recht raten wir davon ab, die Binsenweisheit\ndurchsickern zu lassen, dass ein engmaschiges Monitoring einer repr\u00e4sentativen\nAuswahl der PCR-Positiven (1.000 von etwa 500.000, Stand 8. November) uns\nproblemlos au\u00dferordentlich wichtige Hinweise auf den Wert des Tests an sich\nsowie den Verlauf der Erkrankung wie der Pandemie h\u00e4tte liefern k\u00f6nnen. Mittels Monitoring der Probandengruppe (alle 2 Tage)\nh\u00e4tten wir nachvollziehen k\u00f6nnen, in wie weit ein positiver PCR-Test \u00fcberhaupt\nin eine Infektion oder gar eine Erkrankung (Symptome) m\u00fcndet. Im Grunde w\u00e4re\nNUR diese Auswertung f\u00fcr uns relevant gewesen. Deshalb haben wir die ja auch\nnicht gemacht.<\/p>\n\n\n\n<p>@ Innenministerium\n#1, erg\u00e4nzend zum Gesetzesentwurf Erweiterung \u00a728b Infektionsschutzgesetz, bisher\nlautend: \u201eDemonstrationen sind ab 1. Dezember 2020 nur noch nach vorheriger\nFeststellung der Personalien aller Teilnehmer erlaubt, polizeiliche\nF\u00fchrungszeugnisse sind auf Verlangen vorzuzeigen. Alle Demonstrationen haben im\ngeschlossenen \u00f6ffentlichen Raum unter freiem Himmel stattzufinden\u201c regen wir\nan, den Gesetzestext dahingehend zu erweitern, dass \u201eNazis von der Teilnahme generell\nausgeschlossen sind\u201c, und dass rechtssicher pr\u00e4zisierend als \u201eNazi\u201c jeder gilt,\n\u201eder seit 2005 den Mindestabstand (2,50 Meter) zu jemand unterschritten hatte,\nder von der Mehrheitsmeinung abweichende Positionen vertritt oder in besagtem\nZeitraum vertreten hat\u201c.<\/p>\n\n\n\n<p>@ Innenministerium,\nGesundheitsministerium, Verkehrsministerium: Dank der komplett aus\nSteuergeldern (335 Mio) finanzierten Forschung von CuraVec verf\u00fcgen wir jetzt\n\u00fcber einen bei bereits 45 von 45.000 Probanden wirksamen und somit als sicher\ngeltenden mRNA-Impfstoff, der den Steuerzahler nur 8mal so viel pro Dosis\nkostet wie die Produkte ganz normaler Pharma-Marktteilnehmer. Diese erfreuliche\nEntwicklung wird begleitet von der noch viel erfreulicheren, seit Jahren\nminuti\u00f6s vorbereiteten Einrichtung von Impfkompetenzzentren. (\u2026) In den\nBerichten zur Nationalen Impfstrategie (vergl. NaLi 2018\/2919) wurde indes zwar\nschon vorausschauend gro\u00dfes Augenmerk auf die Diskreditierung von Impfgegnern\nund Andersdenkenden in den sozialen Medien gelegt, allerdings die logistische\nHerausforderung der raschen Durchimpfung von 60-80% der Bev\u00f6lkerung im Detail\nnicht ausreichend ber\u00fccksichtigt. (\u2026) Expertengruppen gehen davon aus, dass die\nEinrichtung von Sonderzugverbindungen zu den 60 Massenimpfst\u00e4tten\nunproblematisch gestaltbar sein wird, an einer App zur Festlegung der\nEinsteigereihenfolge an den Bahnh\u00f6fen auf der Strecke wird bereits mit\nHochdruck gearbeitet (Windows ist bereits seit 9\/2019 fertig, Android und Apple\nfolgen).(\u2026) Problematisch \u2013 jedenfalls in der externen Kommunikation \u2013\nerscheint uns, dass nicht ann\u00e4hernd ausreichend Fachpersonal zur Verf\u00fcgung\nsteht, um die Impfungen durchzuf\u00fchren (merke: es ist schon f\u00fcr den\nNormalbetrieb nicht gen\u00fcgend Fachpersonal vorhanden), daher Soldaten und\nFreiwillige ohne medizinische Vorkenntnisse die Impfungen werden vornehmen\nm\u00fcssen. \u00c4rzte werden ebenfalls nicht oder nur in sehr geringer Zahl abk\u00f6mmlich\nsein, daher ist mit einem minderen bis mittleren Komplikationsrisiko bei den\nImpfwilligen zu rechnen. (\u2026) Die (zweimalige) Durchimpfung von ca. 60 Millionen\nDeutschen wird selbst bei Hochauslastung der Zentren (150.000 \u2013 250.000\nImpfungen pro Tag) wenigstens bis Mitte 2022 andauern. (\u2026) Im Sommer 2020 wird\nzwar wegen der dann tempor\u00e4r denkbaren Ausgangssperrenlockerungen mehr Deutsche\nim eigenen Fahrzeug zu den Impfzentren reisen k\u00f6nnen, allerdings fehlt hier\nbislang eine Kollateralsch\u00e4deneinsch\u00e4tzung von Expertenseite wegen der zu\nerwartenden ggf. zahlreichen Todesf\u00e4lle unter betagteren Impfwilligen,\nAltersgruppe 75+ (Stichworte: Mit Maske im Auto, stundenlang im Stau, keine\nKlimaanlage, bis zu 35 Grad im Schatten). (\u2026) Standortvorteil: Die Millionen\nDosen Impfstoffe m\u00fcssen ohnehin bei minus 20 bis minus 80 Grad gelagert werden,\nsollte es also in der Sommerhitze zu unerwarteten Nebenwirkungen bei den Impfwilligen\nkommen, stehen am Zielort ausreichend K\u00fchlschr\u00e4nke auch f\u00fcr Notf\u00e4lle zur\nVerf\u00fcgung. (\u2026) Zuletzt ist die bereits kommunizierte Priorisierungsreihenfolge\nzu \u00fcberdenken, in der die Bev\u00f6lkerung nach Gruppen unterteilt auserw\u00e4hlt werden\nsoll, gesch\u00fctzt zu werden. Das zun\u00e4chst f\u00f6rmlich als Ersatz der Studienphasen\nII und III, also \u201eAnwendungsbeobachtung\u201c, f\u00fcr die neuen Impfstoffe, \u00c4ltere und\nKranke bevorzugt werden, ist gesamtwirtschaftlich von im Ernstfall\nschadensminimierendem Vorteil (\u2026). Die anschlie\u00dfend &nbsp;vorgesehene verpflichtende Impfung s\u00e4mtlicher\nim Gesundheitswesen t\u00e4tigen Personen versteht sich von selbst, aber hernach, so\nder bisherige Vorschlag von Expertengruppen und Leopoldina, sollen auch Beamte\nmit \u201evermehrtem Publikumskontakt\u201c in den Genuss der Vorzugsbehandlung kommen.\nWir weisen darauf hin, dass zu dieser Beamtengruppe auch Lehrkr\u00e4fte geh\u00f6ren und\ndass eben diese sich im Zuge des ersten \u201eLockdown\u201c (M\u00e4rz-April 2020) ohne\nVerzug und in allergr\u00f6\u00dfter Zahl haben krankschreiben lassen, oft mit der\nBegr\u00fcndung \u201eIsch kenn jemand, der is Risikogruppe!\u201c (meist Deutschlehrer).\nSolche Krankschreibungswellen stehen zwar diesmal nicht zu bef\u00fcrchten, aber\neiner j\u00fcngst von der Gruppe um Dr. Sunselt (Uni M\u00fcnster) vorgenommen\nPolygraph-Untersuchung an 1.000 Lehrkr\u00e4ften zufolge wird es unter 1000\nGeimpften (Komplikationsrate 1:1000) nicht nur zum erwarteten einen echten\nschweren Impfschaden kommen, sondern \u00fcberdies zu 71-95 <em>simulierten<\/em>\nImpfsch\u00e4den, da die vom Behandler schwer nachzuweisende Simulation f\u00fcr die\nbetreffenden \u201eBetroffenen\u201c direkt eine Fr\u00fchberentung zur Folge haben wird. (\u2026)\nNeben der zeitnahen Anschaffung von ausreichend L\u00fcgendetektoren ist\ndiesbez\u00fcglich um so dringender eine geeignete Medienkommunikationsstratgie zu\nentwerfen, denn eine von simulierenden Lehrern ausgel\u00f6ste Schlagzeilenwelle im\nStile von \u201e100 von 1000 Geimpften werden schwer krank!\u201c w\u00e4re unserer bisher so\nerfolgreichen Gesamtstrategie vermutlich nicht zutr\u00e4glich.<\/p>\n\n\n\n<p>@ Alle: Nicht vergessen, Weihnachten steht vor der T\u00fcr :)! Den 30%-Discount auf alles (auch Tiernahrung) gibt\u00b4s weiterhin per einfachem Scan des Dienstausweises unter f\u00fcreinebesserewelt@amazon.de.<\/p>\n","protected":false},"excerpt":{"rendered":"<p>(Ausz\u00fcge aus Papieren des internen Beraterstabes der Bundesregierung, AZ 11-0AG11-DI, 10. 11. 2020. Nur f\u00fcr den internen Gebrauch). @ Kanzleramt, alle Bundesministerien, (\u2026) Der deutsche \u201eLockdown\u201c kam schon im April light daher, vergleichsweise sp\u00e4t und inkonsequent, andere L\u00e4nder wie China, &hellip; <a href=\"https:\/\/www.xn--erzhler-7wa.net\/?p=2495\">Weiterlesen <span class=\"meta-nav\">&rarr;<\/span><\/a><\/p>\n","protected":false},"author":1,"featured_media":63,"comment_status":"open","ping_status":"open","sticky":false,"template":"","format":"standard","meta":{"footnotes":""},"categories":[1,180,6,8],"tags":[],"_links":{"self":[{"href":"https:\/\/www.xn--erzhler-7wa.net\/index.php?rest_route=\/wp\/v2\/posts\/2495"}],"collection":[{"href":"https:\/\/www.xn--erzhler-7wa.net\/index.php?rest_route=\/wp\/v2\/posts"}],"about":[{"href":"https:\/\/www.xn--erzhler-7wa.net\/index.php?rest_route=\/wp\/v2\/types\/post"}],"author":[{"embeddable":true,"href":"https:\/\/www.xn--erzhler-7wa.net\/index.php?rest_route=\/wp\/v2\/users\/1"}],"replies":[{"embeddable":true,"href":"https:\/\/www.xn--erzhler-7wa.net\/index.php?rest_route=%2Fwp%2Fv2%2Fcomments&post=2495"}],"version-history":[{"count":3,"href":"https:\/\/www.xn--erzhler-7wa.net\/index.php?rest_route=\/wp\/v2\/posts\/2495\/revisions"}],"predecessor-version":[{"id":2498,"href":"https:\/\/www.xn--erzhler-7wa.net\/index.php?rest_route=\/wp\/v2\/posts\/2495\/revisions\/2498"}],"wp:featuredmedia":[{"embeddable":true,"href":"https:\/\/www.xn--erzhler-7wa.net\/index.php?rest_route=\/wp\/v2\/media\/63"}],"wp:attachment":[{"href":"https:\/\/www.xn--erzhler-7wa.net\/index.php?rest_route=%2Fwp%2Fv2%2Fmedia&parent=2495"}],"wp:term":[{"taxonomy":"category","embeddable":true,"href":"https:\/\/www.xn--erzhler-7wa.net\/index.php?rest_route=%2Fwp%2Fv2%2Fcategories&post=2495"},{"taxonomy":"post_tag","embeddable":true,"href":"https:\/\/www.xn--erzhler-7wa.net\/index.php?rest_route=%2Fwp%2Fv2%2Ftags&post=2495"}],"curies":[{"name":"wp","href":"https:\/\/api.w.org\/{rel}","templated":true}]}}