{"id":2417,"date":"2020-03-28T17:27:11","date_gmt":"2020-03-28T17:27:11","guid":{"rendered":"https:\/\/www.xn--erzhler-7wa.net\/?p=2417"},"modified":"2020-03-28T17:27:12","modified_gmt":"2020-03-28T17:27:12","slug":"copy-paste-aus-der-wirklichkeit%ef%bb%bf-der-helfer-1","status":"publish","type":"post","link":"https:\/\/www.xn--erzhler-7wa.net\/?p=2417","title":{"rendered":"Copy\/paste aus der Wirklichkeit\ufeff der Helfer (#1)"},"content":{"rendered":"\n<p>Gest\u00e4ndnis: Ich tausche mich viel und sehr grunds\u00e4tzlich mit Menschen aus, auch und gerade mit \u00c4rzten. Weniger \u00fcber meine eigene Gesundheitssituation als \u00fcber Grunds\u00e4tzliches, auch \u00fcber Fragen zu Leben und Tod, die sich empathischen \u00c4rzten zwangl\u00e4ufig h\u00e4ufiger stellen als anderen. Mit meiner Lieblings\u00e4rztin N. N. tausche ich mich besonders gern aus, weil sie mir regelm\u00e4\u00dfig widerspricht und weil ich gern dazulerne. Ihre Berichte der letzten Wochen wollte ich eigentlich t\u00e4glich copy\/paste hier online stellen, aber das geh\u00f6rt sich ja nicht. Au\u00dfer, wenn man mal fragt. Was ich heute getan habe. Mit vorliegender Erlaubnis teile ich die Zeilen unten heute, unkorrigiert und kommentiert. Es k\u00f6nnte ja f\u00fcr die eine oder den anderen von euch vielleicht von Interesse sein.<\/p>\n\n\n\n<p>\u201eBtw aus dem\nAlltag an der Basis: Ich bin heut Nachmittag beinah explodiert\u2026. Wurde von\neiner Kollegin aus der Nachbarpraxis informiert, dass heute Nacht eine\nLieferung Schutzausr\u00fcstung f\u00fcr die Praxen im Kreis eintrifft und verteilt wird.\nHurra!!! Daf\u00fcr musste man allerdings Bedarf anmelden. Bis heute Vormittag. An\nein Amt f\u00fcr Gefahrenabwehrblabla. Auf dem \u00fcbersandten Schrieb.&nbsp;<\/p>\n\n\n\n<p>Wir haben den\nnicht bekommen.<\/p>\n\n\n\n<p>Haben also\nauch nicht geantwortet.<\/p>\n\n\n\n<p>Einige\nTelefonate sp\u00e4ter hei\u00dft es nun, das werde am Montag geregelt, wir bekommen doch\nnoch einen Anteil (f\u00fcrstliche Ausstattung, Mundschutz, Schutzkittel, Sch\u00fcrzen,\nH\u00e4nde- UND Fl\u00e4chendesinfektion, zugeteilt je Arzt!). Hoffen wir mal ganz fest,\ndass das noch klappt!!! Bin so sauer, wir versuchen alles momentan, um irgendwie\nnoch an Material zu kommen, zu Wucherpreisen, werden mit Versprechungen\nhingehalten &#8211; dann kommt was &#8211; und es l\u00e4uft so daneben. Das war purer Zufall,\ndass wir noch davon Kenntnis erlangt haben.&nbsp;<\/p>\n\n\n\n<p>Aber hey, die\nMake-up-M\u00e4dels in der Schickimicki-Dermatologen-Praxis (man k\u00fcmmert sich dort\nweiter ums Lifting etc.) hocken alle mit FFP2 Masken hinterm Tresen. Derweil\nwir in gewohnter Barfu\u00df-Mediziner-Manier die Basisversorgung schmei\u00dfen.<\/p>\n\n\n\n<p>Immerhin ist,\noh Wunder, unsere praxis\u00fcbergreifende Infektsprechstunde vmtl doch genehmigt.\nAlso k\u00f6nnen wir, neben den von der KV geplanten Coronaschwerpunktpraxen (High\nEnd Medizin und Equipment, die Creme de la Creme der Fach\u00e4rzte) \u201eunsere\u201c Leute\nweiter versorgen, diejenigen ohne den Coronastempel drauf. Und der Rest des\nTeams (inklusive unserer ver\u00e4ngstigten Helferinnen) bleibt weitestgehend von\nallen Infekten verschont mit den Routinet\u00e4tigkeiten in den angestammten R\u00e4umen\nbetraut.<\/p>\n\n\n\n<p>Ansonsten,\nganz pers\u00f6nlich, war der Hausbesuch heute sehr wertvoll f\u00fcr mich. Erstkontakt,\nschwer luftn\u00f6tige alte Dame, Sauerstoffs\u00e4ttigung 85%, Tachypnoe (sehr schnelle\nAtmung). Klare Entscheidung, jetzt Einweisung oder (besser) palliative\nVersorgung bahnen &#8211; Antwort der Tochter (mit Vollmacht, Mutter dement) &#8211; das\nhabe sie nicht gewollt. Dazu die Aussicht, sie im KH allein, verwirrt, in\n(Todes)Angst ohne Zugang der Kinder zu lassen \u2026<\/p>\n\n\n\n<p>Alles von aussen\nbetrachtet klar, mit Gef\u00fchl und Empathie zu vermitteln (nicht so einfach: Guten\nTag, mein Name ist&nbsp;Meier, sch\u00f6n, sie kennenzulernen &#8211; lassen wir jetzt\nihre Mutter sterben?) &#8211; und am Ende f\u00fcr alle Beteiligten sehr traurig, aber &#8211;\nhoffe ich zumindest &#8211; richtig auf den Weg gebracht.&nbsp;&nbsp;<\/p>\n\n\n\n<p>Wir r\u00fcsten\nuns jetzt, wollen eine einfache verteilbare Handlungsanweisung aufstellen f\u00fcr\n\u00e4hnliche, sicher bevorstehende F\u00e4lle (was wann gegeben werden kann, um das\npotentielle Leid im \u00dcbergang zu erleichtern), erh\u00f6hen unseren Vorrat an\nMorphium u. \u00e4..&nbsp;<\/p>\n\n\n\n<p>Mich hat das\nseltsamer Weise geerdet und beruhigt. Die Panik (von vergangener Woche) ist\nweg, sp\u00e4testens sobald es ans Handeln geht.&nbsp;<\/p>\n\n\n\n<p>Ob das Corona\nwar? Denke nicht. Und ganz ehrlich &#8211; was h\u00e4tte es ge\u00e4ndert &#8230;?&nbsp;<\/p>\n\n\n\n<p>Ach ja, Du\nfindest das sicher SUPER! Quartalsabrechnung steht an. Und Corona-assoziierte\nF\u00e4lle k\u00f6nnen\/ sollen seit 2 Wochen gekennzeichnet werden, zwecks \u201eVorbereitung\nder Empfehlung des Umfangs des nicht vorhersehbaren Anstiegs des\nmorbidit\u00e4tsbedingten Behandlungsbedarfs\u201c \u2013 also hoffentlich irgendwann sp\u00e4ter\nmal einer besseren Honorierung \u2026 sie m\u00fcssen nur mit Kennzeichnungs-Ziffer plus\nDiagnose markiert werden, ein \u201eVerdacht auf\u201c reicht.<\/p>\n\n\n\n<p>\u00d6hm \u2026 Sagen\nwir mal, die Praxen werden nicht von niedergelassenen Statistikern betrieben\noder von Epidemiologen. Sondern von \u00c4rzten, die (leider) daran gew\u00f6hnt sind,\ndie Verrenkungen im Abrechnungssystem mitzumachen, um ihr Praxisauskommen\/\n\u00fcberleben zu sichern. Gerade jetzt haben viele Zukunftssorgen,\n(Privat)Patienten bleiben weg, Vorsorge- und Regeluntersuchungen werden\nabgesagt etc.. Und- ein Atemwegsinfekt &#8222;k\u00f6nnte\u201c z. Zt. auch IMMER Corona\nsein \u2013 oder auch nicht, wir k\u00f6nnen nicht hellsehen und zumindest sprechen wir\nverflixt nochmal mit jedem dr\u00fcber\u2026 was also soll der Geiz.<\/p>\n\n\n\n<p>\u201eSollte\u201c also jemand mal diese Daten zum Erstellen einer Statistik heranziehen wollen \u2026 sind die Zahlen der Corona-Verdachtsdiagnosen aktuell evtl. etwas \u00fcberrepr\u00e4sentiert rundrum.\u00a0\u00a0(Das ist nicht r\u00fchmlich, ja :\/ Bin ich zu ehrlich?)\u201c<\/p>\n","protected":false},"excerpt":{"rendered":"<p>Gest\u00e4ndnis: Ich tausche mich viel und sehr grunds\u00e4tzlich mit Menschen aus, auch und gerade mit \u00c4rzten. Weniger \u00fcber meine eigene Gesundheitssituation als \u00fcber Grunds\u00e4tzliches, auch \u00fcber Fragen zu Leben und Tod, die sich empathischen \u00c4rzten zwangl\u00e4ufig h\u00e4ufiger stellen als anderen. &hellip; <a href=\"https:\/\/www.xn--erzhler-7wa.net\/?p=2417\">Weiterlesen <span class=\"meta-nav\">&rarr;<\/span><\/a><\/p>\n","protected":false},"author":1,"featured_media":0,"comment_status":"open","ping_status":"open","sticky":false,"template":"","format":"standard","meta":{"footnotes":""},"categories":[1],"tags":[],"_links":{"self":[{"href":"https:\/\/www.xn--erzhler-7wa.net\/index.php?rest_route=\/wp\/v2\/posts\/2417"}],"collection":[{"href":"https:\/\/www.xn--erzhler-7wa.net\/index.php?rest_route=\/wp\/v2\/posts"}],"about":[{"href":"https:\/\/www.xn--erzhler-7wa.net\/index.php?rest_route=\/wp\/v2\/types\/post"}],"author":[{"embeddable":true,"href":"https:\/\/www.xn--erzhler-7wa.net\/index.php?rest_route=\/wp\/v2\/users\/1"}],"replies":[{"embeddable":true,"href":"https:\/\/www.xn--erzhler-7wa.net\/index.php?rest_route=%2Fwp%2Fv2%2Fcomments&post=2417"}],"version-history":[{"count":2,"href":"https:\/\/www.xn--erzhler-7wa.net\/index.php?rest_route=\/wp\/v2\/posts\/2417\/revisions"}],"predecessor-version":[{"id":2419,"href":"https:\/\/www.xn--erzhler-7wa.net\/index.php?rest_route=\/wp\/v2\/posts\/2417\/revisions\/2419"}],"wp:attachment":[{"href":"https:\/\/www.xn--erzhler-7wa.net\/index.php?rest_route=%2Fwp%2Fv2%2Fmedia&parent=2417"}],"wp:term":[{"taxonomy":"category","embeddable":true,"href":"https:\/\/www.xn--erzhler-7wa.net\/index.php?rest_route=%2Fwp%2Fv2%2Fcategories&post=2417"},{"taxonomy":"post_tag","embeddable":true,"href":"https:\/\/www.xn--erzhler-7wa.net\/index.php?rest_route=%2Fwp%2Fv2%2Ftags&post=2417"}],"curies":[{"name":"wp","href":"https:\/\/api.w.org\/{rel}","templated":true}]}}