{"id":2410,"date":"2020-03-24T09:54:43","date_gmt":"2020-03-24T09:54:43","guid":{"rendered":"https:\/\/www.xn--erzhler-7wa.net\/?p=2410"},"modified":"2020-03-24T09:54:45","modified_gmt":"2020-03-24T09:54:45","slug":"nebensaechliches","status":"publish","type":"post","link":"https:\/\/www.xn--erzhler-7wa.net\/?p=2410","title":{"rendered":"Nebens\u00e4chliches"},"content":{"rendered":"\n<p>FYI, siehe unten, copy\/paste aus unseren verr\u00fcckten Verschw\u00f6rerkan\u00e4len. (Bitte nicht mi\u00dfverstehen, wir bleiben nat\u00fcrlich sicherheitshalber trotzdem alle drin, bis Juli, und ab August (zweite Welle) machen wir das dann auch gern noch mal. Unsere Industrie ist ja dank der 750-Milliarden-Zusage gerettet, man wird uns ab Winter sicher allen viele neue Jobs anbieten, zu sehr anst\u00e4ndigen L\u00f6hnen.)<\/p>\n\n\n\n<p>Der Pr\u00e4sident des deutschen Robert-Koch-Instituts best\u00e4tigte am 20. M\u00e4rz 2020,&nbsp;dass testpositive Verstorbene unabh\u00e4ngig von der wirklichen Todesursache als \u00bbCorona-Todesf\u00e4lle\u00ab gez\u00e4hlt werden: \u00bbBei uns gilt als Corona-Todesfall jemand, bei dem eine Coronavirus-Infektion nachgewiesen wurde\u00ab, so der RKI-Pr\u00e4sident auf die Frage einer Journalistin (siehe Video unten).<\/p>\n\n\n\n<p>Laut Experten wird die Anzahl der Todesf\u00e4lle damit stark relativiert, da die Patienten in sehr vielen F\u00e4llen an ihren Vorerkrankungen sterben und nicht am Virus. Daten aus Italien zeigen, dass&nbsp;<a href=\"https:\/\/www.bloomberg.com\/news\/articles\/2020-03-18\/99-of-those-who-died-from-virus-had-other-illness-italy-says\" target=\"_blank\" rel=\"noreferrer noopener\">\u00fcber 99%<\/a>&nbsp;der Verstorbenen eine oder mehrere chronische Vorerkrankungen hatten, darunter Krebs und Herzprobleme, und bei&nbsp;<a href=\"https:\/\/www.telegraph.co.uk\/global-health\/science-and-disease\/have-many-coronavirus-patients-died-italy\/\" target=\"_blank\" rel=\"noreferrer noopener\">nur 12%<\/a>&nbsp;das Coronavirus auf dem Totenschein als Kofaktor genannt wird.<\/p>\n\n\n\n<p>Ein Blick in die&nbsp;<a href=\"https:\/\/de.wikipedia.org\/wiki\/COVID-19-Pandemie_in_Deutschland\" target=\"_blank\" rel=\"noreferrer noopener\">Statistik<\/a>&nbsp;der deutschen testpositiven Todesf\u00e4lle zeigt, dass das Medianalter der Verstorbenen \u00e4hnlich wie in Italien bei \u00fcber 80 Jahren liegt und zumeist eine oder mehrere schwere Vorerkrankungen vorlagen. Die sogenannte&nbsp;<a href=\"https:\/\/de.wikipedia.org\/wiki\/%C3%9Cbersterblichkeit\" target=\"_blank\" rel=\"noreferrer noopener\">\u00dcbersterblichkeit<\/a>&nbsp;durch Covid-19 d\u00fcrfte in Deutschland deshalb \u00e4hnlich wie in&nbsp;<a href=\"https:\/\/www.euromomo.eu\/index.html\" target=\"_blank\" rel=\"noreferrer noopener\">anderen L\u00e4ndern<\/a>&nbsp;bisher bei oder nahe bei null liegen.<\/p>\n\n\n\n<p>Zuletzt fand eine&nbsp;<a href=\"https:\/\/www.sciencedirect.com\/science\/article\/abs\/pii\/S0924857920300972\" target=\"_blank\" rel=\"noreferrer noopener\">franz\u00f6sische Studie<\/a>, dass \u201edas Problem durch Covid-19 vermutlich \u00fcbersch\u00e4tzt wird\u201c, da sich \u201edie Mortalit\u00e4t von Covid-19 nicht wesentlich unterscheidet von gew\u00f6hnlichen Coronaviren (Erk\u00e4ltungsviren), die in einem Krankenhaus in Frankreich untersucht wurden.\u201c Neuere&nbsp;<a href=\"https:\/\/www.medrxiv.org\/content\/10.1101\/2020.02.12.20022434v2\" target=\"_blank\" rel=\"noreferrer noopener\">chinesische Studien<\/a>kommen selbst f\u00fcr die Stadt Wuhan zu einem \u00e4hnlichen Ergebnis.<\/p>\n\n\n\n<p>International anerkannte Experten wie der Pr\u00e4sident des Welt\u00e4rzteverbandes&nbsp;<a href=\"https:\/\/www.general-anzeiger-bonn.de\/news\/politik\/deutschland\/interview-mit-weltaerztepraesident-montgomery-ueber-corona-pandemie-ist-chaos_aid-49609561\" target=\"_blank\" rel=\"noreferrer noopener\">Frank Montgomery<\/a>, Yale-Professor&nbsp;<a href=\"https:\/\/www.nytimes.com\/2020\/03\/20\/opinion\/coronavirus-pandemic-social-distancing.html\" target=\"_blank\" rel=\"noreferrer noopener\">David Katz<\/a>&nbsp;oder der Mainzer Professor&nbsp;<a href=\"https:\/\/www.youtube.com\/watch?v=JBB9bA-gXL4\" target=\"_blank\" rel=\"noreferrer noopener\">Sucharit Bhakdi<\/a>&nbsp;fordern deshalb eine rasche Aufhebung von radikalen Ma\u00dfnahmen wie etwa Ausgangssperren. Diese seien kontraproduktiv und w\u00fcrden letztlich mehr Menschen t\u00f6ten als das Virus selbst. Zu sch\u00fctzen seien Risikogruppen.<\/p>\n\n\n\n<p><strong>Quelle<\/strong>: RKI-Pressekonferenz vom 20. M\u00e4rz 2020, Minute 16:25 (<a href=\"https:\/\/youtu.be\/tI5SnAirYLw?t=985\" target=\"_blank\" rel=\"noreferrer noopener\">Youtube<\/a>)<\/p>\n\n\n\n<p>Direktlink zum Video:&nbsp;<a href=\"https:\/\/www.youtube.com\/watch?v=tI5SnAirYLw&amp;feature=youtu.be&amp;t=985\">https:\/\/www.youtube.com\/watch?v=tI5SnAirYLw&amp;feature=youtu.be&amp;t=985<\/a><\/p>\n","protected":false},"excerpt":{"rendered":"<p>FYI, siehe unten, copy\/paste aus unseren verr\u00fcckten Verschw\u00f6rerkan\u00e4len. (Bitte nicht mi\u00dfverstehen, wir bleiben nat\u00fcrlich sicherheitshalber trotzdem alle drin, bis Juli, und ab August (zweite Welle) machen wir das dann auch gern noch mal. Unsere Industrie ist ja dank der 750-Milliarden-Zusage &hellip; <a href=\"https:\/\/www.xn--erzhler-7wa.net\/?p=2410\">Weiterlesen <span class=\"meta-nav\">&rarr;<\/span><\/a><\/p>\n","protected":false},"author":1,"featured_media":0,"comment_status":"open","ping_status":"open","sticky":false,"template":"","format":"standard","meta":{"footnotes":""},"categories":[1],"tags":[],"_links":{"self":[{"href":"https:\/\/www.xn--erzhler-7wa.net\/index.php?rest_route=\/wp\/v2\/posts\/2410"}],"collection":[{"href":"https:\/\/www.xn--erzhler-7wa.net\/index.php?rest_route=\/wp\/v2\/posts"}],"about":[{"href":"https:\/\/www.xn--erzhler-7wa.net\/index.php?rest_route=\/wp\/v2\/types\/post"}],"author":[{"embeddable":true,"href":"https:\/\/www.xn--erzhler-7wa.net\/index.php?rest_route=\/wp\/v2\/users\/1"}],"replies":[{"embeddable":true,"href":"https:\/\/www.xn--erzhler-7wa.net\/index.php?rest_route=%2Fwp%2Fv2%2Fcomments&post=2410"}],"version-history":[{"count":1,"href":"https:\/\/www.xn--erzhler-7wa.net\/index.php?rest_route=\/wp\/v2\/posts\/2410\/revisions"}],"predecessor-version":[{"id":2411,"href":"https:\/\/www.xn--erzhler-7wa.net\/index.php?rest_route=\/wp\/v2\/posts\/2410\/revisions\/2411"}],"wp:attachment":[{"href":"https:\/\/www.xn--erzhler-7wa.net\/index.php?rest_route=%2Fwp%2Fv2%2Fmedia&parent=2410"}],"wp:term":[{"taxonomy":"category","embeddable":true,"href":"https:\/\/www.xn--erzhler-7wa.net\/index.php?rest_route=%2Fwp%2Fv2%2Fcategories&post=2410"},{"taxonomy":"post_tag","embeddable":true,"href":"https:\/\/www.xn--erzhler-7wa.net\/index.php?rest_route=%2Fwp%2Fv2%2Ftags&post=2410"}],"curies":[{"name":"wp","href":"https:\/\/api.w.org\/{rel}","templated":true}]}}