{"id":2382,"date":"2019-11-28T12:30:15","date_gmt":"2019-11-28T12:30:15","guid":{"rendered":"https:\/\/www.xn--erzhler-7wa.net\/?p=2382"},"modified":"2019-11-28T12:30:16","modified_gmt":"2019-11-28T12:30:16","slug":"weiblich-frei-selbststaendig-tot%ef%bb%bf","status":"publish","type":"post","link":"https:\/\/www.xn--erzhler-7wa.net\/?p=2382","title":{"rendered":"Weiblich, frei, selbstst\u00e4ndig, tot\ufeff"},"content":{"rendered":"\n<p>Letzter Aufruf zur Revolution (Bahnsteigkarte l\u00f6sen nicht vergessen) &#8211; denn demn\u00e4chst sind wir alle viel zu alt, um noch ohne Rollator auf die Stra\u00dfe zu gehen, geschweige denn irgendwelche Fr\u00fchpension\u00e4re aus ihren AIDA-Liegest\u00fchlen zu ziehen und ins Hafenbecken zu werfen.<\/p>\n\n\n\n<p>Dass 2040 auch die Mittelschicht im Eimer ist bzw. unter einer gepflegten Br\u00fccke, interessiert mich nat\u00fcrlich bei der derzeitigen Pseudo-Rentendebatte weniger \u2013 denn die Mittelschicht ist ja selbst Schuld und sowieso Schuld an allem. Aber wir Lobbylosen, die Freien, Frauen, Selbstbestimmten, gehen direkt unter, wenn nicht schon jetzt, dann sp\u00e4testens in 10 Jahren, wenn unsere kinderlosen Betriebsrentenrenten-pensionsempf\u00e4nger sich kollektiv ans kalte Kreuzfahrtb\u00fcffet dr\u00e4ngeln. Und das, hey, nach einem langen und sinnlosen Bullshitjobber-Arbeitsleben als Folterknechte aller Selbstst\u00e4ndigen wie HartzIVerlierer*innen, aller Sch\u00fcler, Kranken, Schwachen und Armen.<\/p>\n\n\n\n<p>Ich pers\u00f6nlich hab ja nichts dagegen, die mir ab 2028 zustehenden 300 Euro Rente komplett wieder abgeben zu m\u00fcssen, weil ich 2028 l\u00e4ngst tot bin \u2013 aber sollten wir nicht vorher einfach mal prinzipiell den ganzen Laden restaurieren \u2013 oder wenigstens sch\u00fctteln? Weil, nichts f\u00fcr ungut, f\u00fcr meine T\u00f6chter ist das auch nicht sooo ne coole Gestaltung, selbst wenn sie nicht mich, sondern nur ihre M\u00fctter werden am Leben erhalten m\u00fcssen (<em>wovon<\/em>  eigentlich, von welchen Jobs??). Und, doch, ich sehe da einen Zusammenhang zum Dritthaus meiner zwar geistig minderbemittelten, aber festangestellten Zettelsortiererfreunde, die so &#8222;schlau&#8220; waren, auf Kinder zu verzichten. Und, doch, ich sehe einen Zusammenhang zu meinem ausdr\u00fccklichen Nichtfreund J., der sich mit 56 hat fr\u00fchpensionieren lassen aus seiner Beamtenposition, seither bummelig 6.000 Euro monatlich einnimmt und st\u00e4ndig Fotos von den sch\u00f6nsten Urlaubsorten der Welt schickt. (Alles hochverdient, logisch, denn er hat ja im Lauf seiner Karriere mindestens 6 Kulturgutachten f\u00fcr die EU geschrieben, folgenlos, aber &#8230; bestimmt notwendig).<\/p>\n\n\n\n<p>Will sagen: Unten sind ein paar Zahlen. Und ein paar weiterf\u00fchrende Einsch\u00e4tzungen, die am Ende sowieso keinen interessieren (\u201eVerfassungswidrig? Ach, das bekommen wir auch noch weg!\u201c). Und ich erw\u00e4hne das \u00fcberhaupt nur, weil wir doch bitte bei unserem Lebensmotto bleiben (\u201eLieber tot als peinlich!\u201c), und weil es genau das ist, peinlich, wenn wir mit 70 irgendwo vor Rath\u00e4usern stehen und statt mit Steinen oder Molotow-Cocktails zu schmei\u00dfen nur noch protestierend mit unseren Tropfst\u00e4ndern rasseln k\u00f6nnen.<\/p>\n\n\n\n<p>Wollen wir mal vorher los? (Ok, ich wei\u00df, das ist ne alberne Frage. 93% Unselbstst\u00e4ndige und Befehlsempf\u00e4nger werden sich ja nicht von uns paar Freien beeindrucken lassen. Nur, demente Mittelschicht, beschwer dich nachher nicht bei mir, wenn du direkt neben mir landest unter der Br\u00fccke. Und frag dann nicht, ob ich dir ne Zigarette abgebe.)<\/p>\n\n\n\n<p>Cordula Eubel \/ <a href=\"https:\/\/www.tagesspiegel.de\/politik\/deutschland-im-oecd-vergleich-schlusslicht-nirgendwo-ist-die-rentenluecke-zwischen-maennern-und-frauen-groesser\/25275228.html\">Tagesspiegel<\/a>: Frauen erhalten in Deutschland im Durchschnitt 46 Prozent weniger Rente als M\u00e4nner. Im Ranking der Industriel\u00e4nder bedeutet das den letzten Platz.<\/p>\n\n\n\n<p>Hendrik Munsberg \/ <a href=\"https:\/\/www.sueddeutsche.de\/wirtschaft\/rente-steuern-doppelbesteuerung-verfassung-1.4699662\">S\u00fcddeutsche<\/a>: Bundesrichter h\u00e4lt Rentenbesteuerung f\u00fcr verfassungswidrig.<\/p>\n","protected":false},"excerpt":{"rendered":"<p>Letzter Aufruf zur Revolution (Bahnsteigkarte l\u00f6sen nicht vergessen) &#8211; denn demn\u00e4chst sind wir alle viel zu alt, um noch ohne Rollator auf die Stra\u00dfe zu gehen, geschweige denn irgendwelche Fr\u00fchpension\u00e4re aus ihren AIDA-Liegest\u00fchlen zu ziehen und ins Hafenbecken zu werfen. &hellip; <a href=\"https:\/\/www.xn--erzhler-7wa.net\/?p=2382\">Weiterlesen <span class=\"meta-nav\">&rarr;<\/span><\/a><\/p>\n","protected":false},"author":1,"featured_media":0,"comment_status":"open","ping_status":"open","sticky":false,"template":"","format":"standard","meta":{"footnotes":""},"categories":[1],"tags":[185],"_links":{"self":[{"href":"https:\/\/www.xn--erzhler-7wa.net\/index.php?rest_route=\/wp\/v2\/posts\/2382"}],"collection":[{"href":"https:\/\/www.xn--erzhler-7wa.net\/index.php?rest_route=\/wp\/v2\/posts"}],"about":[{"href":"https:\/\/www.xn--erzhler-7wa.net\/index.php?rest_route=\/wp\/v2\/types\/post"}],"author":[{"embeddable":true,"href":"https:\/\/www.xn--erzhler-7wa.net\/index.php?rest_route=\/wp\/v2\/users\/1"}],"replies":[{"embeddable":true,"href":"https:\/\/www.xn--erzhler-7wa.net\/index.php?rest_route=%2Fwp%2Fv2%2Fcomments&post=2382"}],"version-history":[{"count":2,"href":"https:\/\/www.xn--erzhler-7wa.net\/index.php?rest_route=\/wp\/v2\/posts\/2382\/revisions"}],"predecessor-version":[{"id":2384,"href":"https:\/\/www.xn--erzhler-7wa.net\/index.php?rest_route=\/wp\/v2\/posts\/2382\/revisions\/2384"}],"wp:attachment":[{"href":"https:\/\/www.xn--erzhler-7wa.net\/index.php?rest_route=%2Fwp%2Fv2%2Fmedia&parent=2382"}],"wp:term":[{"taxonomy":"category","embeddable":true,"href":"https:\/\/www.xn--erzhler-7wa.net\/index.php?rest_route=%2Fwp%2Fv2%2Fcategories&post=2382"},{"taxonomy":"post_tag","embeddable":true,"href":"https:\/\/www.xn--erzhler-7wa.net\/index.php?rest_route=%2Fwp%2Fv2%2Ftags&post=2382"}],"curies":[{"name":"wp","href":"https:\/\/api.w.org\/{rel}","templated":true}]}}