{"id":2274,"date":"2019-02-21T10:04:04","date_gmt":"2019-02-21T10:04:04","guid":{"rendered":"https:\/\/www.xn--erzhler-7wa.net\/?p=2274"},"modified":"2019-02-21T10:04:06","modified_gmt":"2019-02-21T10:04:06","slug":"digital-first-bedenken-second","status":"publish","type":"post","link":"https:\/\/www.xn--erzhler-7wa.net\/?p=2274","title":{"rendered":"Digital first, Bedenken second"},"content":{"rendered":"\n<p>&#8222;(Spitzers) Begriff der \u201edigitalen Demenz\u201c erscheint mir jedoch verfehlt, ja sogar f\u00fcr untertrieben (&#8230;), weil die Sch\u00e4den, die digitale Medien im Gehirn von Kindern und Jugendlichen anrichten, viel schwerwiegender sind als eine Demenz. Zynisch gesagt: Mit Dementen kann die Gesellschaft noch irgendwie klarkommen. Dagegen entspricht der \u00fcberm\u00e4\u00dfige Gebrauch von Medien einer f\u00fcr unser Gemeinwesen hochgef\u00e4hrlichen Virtualisierung. Heutzutage sind 90 Prozent der Jugendlichen t\u00e4glich \u00fcber sechs Stunden mit dem Smartphone zugange. Wenn bald nur noch Psychopathen rumlaufen, f\u00fchrt das zur Abschaffung der Demokratie.&#8220;<\/p>\n\n\n\n<p>(Neurobiologin Dr. Teuchert-Noodt im Gespr\u00e4ch mit Ralf Wurzbacher, komplett auf den <a href=\"https:\/\/www.nachdenkseiten.de\/?p=49485\">Nachdenkseiten<\/a>. Zur Lekt\u00fcre (oder zum Ansehen) empfohlen). Und Neil Postman kramen wir hernach auch noch mal aus dem Regal und verneigen uns, schaudernd. Schon verbl\u00fcffend, die offenbar vollkommene Bildungsferne des gemeinen Bildungspolitikers. Aber das sind Leute in meinem Alter, und die konnten ja tats\u00e4chlich schon damals weder lesen, schreiben noch denken. Dass Sie diesen Defekt mit Verve weitergeben, verwundert nicht.)<\/p>\n\n\n\n<p><\/p>\n","protected":false},"excerpt":{"rendered":"<p>&#8222;(Spitzers) Begriff der \u201edigitalen Demenz\u201c erscheint mir jedoch verfehlt, ja sogar f\u00fcr untertrieben (&#8230;), weil die Sch\u00e4den, die digitale Medien im Gehirn von Kindern und Jugendlichen anrichten, viel schwerwiegender sind als eine Demenz. Zynisch gesagt: Mit Dementen kann die Gesellschaft &hellip; <a href=\"https:\/\/www.xn--erzhler-7wa.net\/?p=2274\">Weiterlesen <span class=\"meta-nav\">&rarr;<\/span><\/a><\/p>\n","protected":false},"author":1,"featured_media":0,"comment_status":"open","ping_status":"open","sticky":false,"template":"","format":"standard","meta":{"footnotes":""},"categories":[1],"tags":[],"_links":{"self":[{"href":"https:\/\/www.xn--erzhler-7wa.net\/index.php?rest_route=\/wp\/v2\/posts\/2274"}],"collection":[{"href":"https:\/\/www.xn--erzhler-7wa.net\/index.php?rest_route=\/wp\/v2\/posts"}],"about":[{"href":"https:\/\/www.xn--erzhler-7wa.net\/index.php?rest_route=\/wp\/v2\/types\/post"}],"author":[{"embeddable":true,"href":"https:\/\/www.xn--erzhler-7wa.net\/index.php?rest_route=\/wp\/v2\/users\/1"}],"replies":[{"embeddable":true,"href":"https:\/\/www.xn--erzhler-7wa.net\/index.php?rest_route=%2Fwp%2Fv2%2Fcomments&post=2274"}],"version-history":[{"count":1,"href":"https:\/\/www.xn--erzhler-7wa.net\/index.php?rest_route=\/wp\/v2\/posts\/2274\/revisions"}],"predecessor-version":[{"id":2275,"href":"https:\/\/www.xn--erzhler-7wa.net\/index.php?rest_route=\/wp\/v2\/posts\/2274\/revisions\/2275"}],"wp:attachment":[{"href":"https:\/\/www.xn--erzhler-7wa.net\/index.php?rest_route=%2Fwp%2Fv2%2Fmedia&parent=2274"}],"wp:term":[{"taxonomy":"category","embeddable":true,"href":"https:\/\/www.xn--erzhler-7wa.net\/index.php?rest_route=%2Fwp%2Fv2%2Fcategories&post=2274"},{"taxonomy":"post_tag","embeddable":true,"href":"https:\/\/www.xn--erzhler-7wa.net\/index.php?rest_route=%2Fwp%2Fv2%2Ftags&post=2274"}],"curies":[{"name":"wp","href":"https:\/\/api.w.org\/{rel}","templated":true}]}}