{"id":2272,"date":"2019-02-20T10:33:53","date_gmt":"2019-02-20T10:33:53","guid":{"rendered":"https:\/\/www.xn--erzhler-7wa.net\/?p=2272"},"modified":"2019-02-20T10:33:54","modified_gmt":"2019-02-20T10:33:54","slug":"schuld-ist-schnee-von-gestern-heute-gibts-nur-verantwortung","status":"publish","type":"post","link":"https:\/\/www.xn--erzhler-7wa.net\/?p=2272","title":{"rendered":"Schuld ist Schnee von gestern, heute gibt\u2019s nur Verantwortung"},"content":{"rendered":"\n<p>Ungeheuer putzig iSv doof finde ich ja die Lieschen-M\u00fcller-Dialektik derer, die mich in Foren dissen, weil ich Dinge wie das \u00dcbernehmen von \u201eEigenverantwortung\u201c anrege \u2013 denn darauf l\u00e4sst sich ja hervorragend schnauzen: \u201eWillst du damit sagen, dass ich selbst SCHULD bin an meiner Krankheit!? So ne SAUEREI! Schwarze Psychosomatik! H\u00f6rt nicht auf diesen TEUFELSGURU!\u201c\u00a0<\/p>\n\n\n\n<p>Jaja. Neenee. Schuld ist sowieso keiner. Schon gar nicht an seiner besonderen Erkrankung, seiner Augenfarbe, seiner K\u00f6rpergr\u00f6\u00dfe oder seinem Geburtsort. Gut, sollte wer im Selbstgespr\u00e4ch denken, \u201eHm, vielleicht h\u00e4tte ich doch weniger als 3 Flaschen Chianti pro Abend austrinken sollen\u201c, kann und sollte er\/sie das ja gepflegt mit sich selbst ausmachen, dazu braucht man doch keinen Arzt oder Apotheker oder R\u00fcdiger Dahlke. Aber selbst wenn man sich selbst eine klitzekleine Beteiligung am Entstehen der eigenen Fettleber attestiert, n\u00fctzt einem ja der R\u00fcckblick wenig, denn unsere Zeitmaschinen stehen ja alle in irgendwelchen Garagen im Jahr 2052, so kommen wir also nicht weiter. Jedenfalls nicht zur\u00fcck.<\/p>\n\n\n\n<p>Der P\u00f6bler von oben wirft allerdings Verantwortung und Schuld in einen Topf. Mag sein, dass das der generellen Lust am Vereinfachen geschuldet ist (Eins oder Null, Daumen hoch oder runter, Schwarz oder Wei\u00df, Bett oder Ofen*), nur: Wer so was macht, lenkt von sich selbst ab und schlussfolgert buttermesserscharf: Da ich ja wohl nicht schuld \/verantwortlich bin f\u00fcr das Zur\u00fcckliegende, bin ich auch nicht schuld\/verantwortlich f\u00fcr das Kommende.<\/p>\n\n\n\n<p>Das ist, im Leben wie im Kranksein, ein gef\u00e4hrlicher, deprimierender, feiger Irrtum. Dass ich geraucht habe und so das Entstehen meiner Erkrankung m\u00f6glicherweise beg\u00fcnstigt habe (oder auch nicht), ist meine Schuld (oder auch nicht). Dass ich weiterhin rauche, ist verantwortungslos: mir selbst gegen\u00fcber.<\/p>\n\n\n\n<p>Dass hierzulande alles so gewaltig schiefgelaufen ist, dass unsere Kinder v\u00f6llig zurecht Freitags auf die Barrikaden gehen, ist meine Schuld (oder auch nicht). Dass ich nicht reagiere und die Weichen so stelle, dass die Demonstrierenden eine \u00dcberlebenschance haben, ist verantwortungslos (heute): anderen gegen\u00fcber. Und dass man mich daf\u00fcr zur Verantwortung ziehen wird, geschieht zurecht (morgen).<\/p>\n\n\n\n<p>Will sagen, Discount-Dialektik-P\u00f6bler von oben: Das geht ganz gewaltig schief, nicht nur im egozentrischen Kranksein. Aber mach nur so weiter, dein beruflicher Babyboomer-Feierabend in zehn Jahren f\u00e4llt ja nur zuf\u00e4llig mit dem Tag zusammen, an dem die Folgen der Erw\u00e4rmung unumkehrbar eintreten, und gleichzeitig m\u00f6chtest du Kinderloser von meinen Kindern zirka 32% ihres Einkommens als Monatsbeitrag f\u00fcr deine Altersrente.<\/p>\n\n\n\n<p>Das wird garantiert ne witzige Diskussion. Sag dann aber nicht, das w\u00e4r ja wohl alles nicht deine Schuld gewesen. Glaub mir, auf dem Ohr sind meine Kinder taub (das ist keine klinische Diagnose, sondern blo\u00df die angemessene Reaktion auf unseren kollektiven Haltungsschaden.)<\/p>\n\n\n\n<p>* Na, wer schreibt in den Kommentar, \u201eDas ist ein Zitat aus dem Film \u201e&#8230;\u201c?)<\/p>\n","protected":false},"excerpt":{"rendered":"<p>Ungeheuer putzig iSv doof finde ich ja die Lieschen-M\u00fcller-Dialektik derer, die mich in Foren dissen, weil ich Dinge wie das \u00dcbernehmen von \u201eEigenverantwortung\u201c anrege \u2013 denn darauf l\u00e4sst sich ja hervorragend schnauzen: \u201eWillst du damit sagen, dass ich selbst SCHULD &hellip; <a href=\"https:\/\/www.xn--erzhler-7wa.net\/?p=2272\">Weiterlesen <span class=\"meta-nav\">&rarr;<\/span><\/a><\/p>\n","protected":false},"author":1,"featured_media":0,"comment_status":"open","ping_status":"open","sticky":false,"template":"","format":"standard","meta":{"footnotes":""},"categories":[1],"tags":[],"_links":{"self":[{"href":"https:\/\/www.xn--erzhler-7wa.net\/index.php?rest_route=\/wp\/v2\/posts\/2272"}],"collection":[{"href":"https:\/\/www.xn--erzhler-7wa.net\/index.php?rest_route=\/wp\/v2\/posts"}],"about":[{"href":"https:\/\/www.xn--erzhler-7wa.net\/index.php?rest_route=\/wp\/v2\/types\/post"}],"author":[{"embeddable":true,"href":"https:\/\/www.xn--erzhler-7wa.net\/index.php?rest_route=\/wp\/v2\/users\/1"}],"replies":[{"embeddable":true,"href":"https:\/\/www.xn--erzhler-7wa.net\/index.php?rest_route=%2Fwp%2Fv2%2Fcomments&post=2272"}],"version-history":[{"count":1,"href":"https:\/\/www.xn--erzhler-7wa.net\/index.php?rest_route=\/wp\/v2\/posts\/2272\/revisions"}],"predecessor-version":[{"id":2273,"href":"https:\/\/www.xn--erzhler-7wa.net\/index.php?rest_route=\/wp\/v2\/posts\/2272\/revisions\/2273"}],"wp:attachment":[{"href":"https:\/\/www.xn--erzhler-7wa.net\/index.php?rest_route=%2Fwp%2Fv2%2Fmedia&parent=2272"}],"wp:term":[{"taxonomy":"category","embeddable":true,"href":"https:\/\/www.xn--erzhler-7wa.net\/index.php?rest_route=%2Fwp%2Fv2%2Fcategories&post=2272"},{"taxonomy":"post_tag","embeddable":true,"href":"https:\/\/www.xn--erzhler-7wa.net\/index.php?rest_route=%2Fwp%2Fv2%2Ftags&post=2272"}],"curies":[{"name":"wp","href":"https:\/\/api.w.org\/{rel}","templated":true}]}}