{"id":2198,"date":"2018-08-09T09:18:22","date_gmt":"2018-08-09T09:18:22","guid":{"rendered":"https:\/\/www.xn--erzhler-7wa.net\/?p=2198"},"modified":"2018-08-09T09:18:22","modified_gmt":"2018-08-09T09:18:22","slug":"burning-down-the-house","status":"publish","type":"post","link":"https:\/\/www.xn--erzhler-7wa.net\/?p=2198","title":{"rendered":"Burning down the house"},"content":{"rendered":"<p>Mir fehlt da was. Wasser fehlt mir nat\u00fcrlich auch, aber ich bin ja anders als meine Obstbauern-Nachbarn nicht existenziell komplett abh\u00e4ngig vom Regen. Mir fehlt was anderes, n\u00e4mlich in der Debatte zwischen Klima-Verschw\u00f6rungstheoretikern und Man-Made-Climate-Change-Leugnern &#8230;<\/p>\n<p>Zul\u00e4ssig finde dabei allenfalls die Positionen a) \u201eEs ist gar nicht w\u00e4rmer geworden, also m\u00fcssen wir auch nichts machen\u201c oder b) \u201eDas l\u00e4sst sich eh alles nicht \u00e4ndern, wir sterben jetzt alle bald\u201c. Wer indes meint, es sei <em>doch<\/em> etwas w\u00e4rmer geworden und das sei gar nicht so gut, der hat sich nicht mit anderen Passanten zu streiten, ob diese feurige Erw\u00e4rmung nun menschgemacht ist oder nicht, sondern hat sich zu fragen, was nun menschgemacht werden muss, um zu l\u00f6schen. Es ist n\u00e4mlich gerade ganz unerheblich, wer das Haus angez\u00fcndet hat. Erheblich ist: Was machen wir denn jetzt?<\/p>\n<p>So weit kommt\u00b4s aber gar nicht. Nat\u00fcrlich, weil das alles eine Zumutung ist. Nicht nur die Hitze. \u201eWas machen wir denn jetzt?\u201c f\u00fchrt ja so oder so nur ins Verderben. Wir k\u00f6nnten uns m\u00fcssten ja radikal umdenken, neu handeln, uns einschr\u00e4nken, den Kapitalismus abschalten etc. pp.. Das kommt alles nicht in Frage. Und geht ja auch gar nicht. Schon weil \u201edie anderen\u201c ja nicht mitmachen. Die &#8230; alle. Die Koch-Br\u00fcder, die \u00d6lmultis, und meine Nachbarn auch nicht.<\/p>\n<p>Das aber bedeutet: Wir lassen das Haus einfach brennen, zoffen uns direkt vor der brennenden Haust\u00fcr noch ein bisschen \u00fcber die Frage, ob wir daran mitgewirkt haben, oder ob das nicht doch eher die Natur ganz allein war, oder Gottes Strafe oder Wasauchimmer. Wenn man Kinder hat, f\u00e4llt solches Verhalten wohl unter \u201eerweiterter Suizid\u201c, Kinderlose sind diesbez\u00fcglich fein raus, also nur suizidal im Sinn von \u201eNach mir die Sintflut\u201c. Beziehungsweise, mangels Regen, das Fegefeuer.<\/p>\n<p>Sch\u00f6n, dass wir mal dr\u00fcber gesprochen haben. So wird\u00b4s doch stimmig: \u201eDas l\u00e4sst sich doch eh alles nicht \u00e4ndern, also lasst uns noch alles austrinken und dann schnell sterben\u201c. Das ist ehrlich. Und schon fehlt mir nichts mehr.<\/p>\n<p>(Ach so, am Rande: 1) Ich hatte (2011, Die Prophezeiung) f\u00fcr 2020 nicht nur ein paar hundert Millionen Tote weiter s\u00fcdlich vorhergesagt, sondern dauernde W\u00e4rme und <em>Regen<\/em> im Norden. Sowie den <em>iAm<\/em>. Es ist zu fr\u00fch, diese Prognosen als falsch vom Tisch zu wischen, gebt Apple und dem Klima mal noch 2 Jahre Zeit. 2) Die regelm\u00e4\u00dfige Bombardierung von Nordafrika durch uns, wegen der vielen Fluchtwilligen, hatte ich (1994, Sherman schwindelt) indes erst f\u00fcr 2025 beginnend prognostiziert. Warten wir\u00b4s mal ab.)<\/p>\n<p>Weiterlesen: sch\u00f6ne frische Texte, empfohlen, weil sie ja auch netter sind als dieser, irgendwie &#8230; zu <a href=\"https:\/\/www.dw.com\/de\/forscher-der-welt-droht-eine-hei%C3%9Fzeit\/a-44947290?\">Hei\u00dfzeit 1<\/a> und <a href=\"https:\/\/www.dw.com\/de\/us-klimabericht-2017-eines-der-hei%C3%9Festen-jahre-aller-zeiten\/a-44929063\">Hei\u00dfzeit 2<\/a> (DW), zu <a href=\"https:\/\/thinkprogress.org\/scientists-slam-new-york-times-climate-story-for-whitewashing-role-of-big-oil-and-gop-63fbc3a85b09\/\">&#8222;Big Oil&#8220;<\/a> (ThinkProgress), <a href=\"https:\/\/www.rubikon.news\/artikel\/die-oko-ignoranten\">\u00d6ko-Ignoranten<\/a> (Florian Kirner\/Rubikon) und <a href=\"https:\/\/www.rubikon.news\/artikel\/die-klima-vergiftung\">vergiftetem Klima<\/a> (Dirk C. Fleck\/Rubikon).<\/p>\n<p>&nbsp;<\/p>\n","protected":false},"excerpt":{"rendered":"<p>Mir fehlt da was. Wasser fehlt mir nat\u00fcrlich auch, aber ich bin ja anders als meine Obstbauern-Nachbarn nicht existenziell komplett abh\u00e4ngig vom Regen. Mir fehlt was anderes, n\u00e4mlich in der Debatte zwischen Klima-Verschw\u00f6rungstheoretikern und Man-Made-Climate-Change-Leugnern &#8230; Zul\u00e4ssig finde dabei allenfalls &hellip; <a href=\"https:\/\/www.xn--erzhler-7wa.net\/?p=2198\">Weiterlesen <span class=\"meta-nav\">&rarr;<\/span><\/a><\/p>\n","protected":false},"author":1,"featured_media":0,"comment_status":"open","ping_status":"open","sticky":false,"template":"","format":"standard","meta":{"footnotes":""},"categories":[3],"tags":[],"_links":{"self":[{"href":"https:\/\/www.xn--erzhler-7wa.net\/index.php?rest_route=\/wp\/v2\/posts\/2198"}],"collection":[{"href":"https:\/\/www.xn--erzhler-7wa.net\/index.php?rest_route=\/wp\/v2\/posts"}],"about":[{"href":"https:\/\/www.xn--erzhler-7wa.net\/index.php?rest_route=\/wp\/v2\/types\/post"}],"author":[{"embeddable":true,"href":"https:\/\/www.xn--erzhler-7wa.net\/index.php?rest_route=\/wp\/v2\/users\/1"}],"replies":[{"embeddable":true,"href":"https:\/\/www.xn--erzhler-7wa.net\/index.php?rest_route=%2Fwp%2Fv2%2Fcomments&post=2198"}],"version-history":[{"count":2,"href":"https:\/\/www.xn--erzhler-7wa.net\/index.php?rest_route=\/wp\/v2\/posts\/2198\/revisions"}],"predecessor-version":[{"id":2200,"href":"https:\/\/www.xn--erzhler-7wa.net\/index.php?rest_route=\/wp\/v2\/posts\/2198\/revisions\/2200"}],"wp:attachment":[{"href":"https:\/\/www.xn--erzhler-7wa.net\/index.php?rest_route=%2Fwp%2Fv2%2Fmedia&parent=2198"}],"wp:term":[{"taxonomy":"category","embeddable":true,"href":"https:\/\/www.xn--erzhler-7wa.net\/index.php?rest_route=%2Fwp%2Fv2%2Fcategories&post=2198"},{"taxonomy":"post_tag","embeddable":true,"href":"https:\/\/www.xn--erzhler-7wa.net\/index.php?rest_route=%2Fwp%2Fv2%2Ftags&post=2198"}],"curies":[{"name":"wp","href":"https:\/\/api.w.org\/{rel}","templated":true}]}}