{"id":2132,"date":"2017-10-09T11:07:37","date_gmt":"2017-10-09T11:07:37","guid":{"rendered":"http:\/\/www.xn--erzhler-7wa.net\/?p=2132"},"modified":"2017-10-09T15:12:51","modified_gmt":"2017-10-09T15:12:51","slug":"neues-aus-der-nervenbranche","status":"publish","type":"post","link":"https:\/\/www.xn--erzhler-7wa.net\/?p=2132","title":{"rendered":"Neues aus der Nervenbranche"},"content":{"rendered":"<p>Endlich! Gute Nachrichten! Die neue <a href=\"http:\/\/www.kompetenznetz-multiplesklerose.de\/wp-content\/uploads\/2017\/09\/KKNMS_Qualit%C3%A4tshandbuch_2017_webfrei.pdf\" target=\"_blank\">Verk\u00e4uferbrosch\u00fcre<\/a> f\u00fcr die MS-Dealer in Wei\u00df ist da, und da stehen wirklich nur n\u00fctzliche Dinge drin (f\u00fcr Verk\u00e4ufer, nicht f\u00fcr Patienten). Herausgeber der vielen hilfreichen Hinweise ist \u00fcbrigens der gemeinn\u00fctzige Verein <strong>Kompetenznetz Multiple Sklerose e. V.<\/strong>, eine tolle Einrichtung, sie sich ganz allein aus Spenden finanziert. Beim KKMS kamen 2015 allein von Privatpersonen satte 4.302,50\u20ac in die Kassen (toll!), die verbleibenden 144.302,50\u20ac kamen von der Pharmaindustrie (na, toll). (Gesch\u00e4ftsberichte? <a href=\"http:\/\/www.kompetenznetz-multiplesklerose.de\/wp-content\/uploads\/2010\/04\/KKNMSeV_Jahresberichte_2010-2015.pdf\" target=\"_blank\">Hier<\/a>. Bis zum Ende scrollen.)<\/p>\n<p>Die <a href=\"http:\/\/www.erz\u00e4hler.net\/?p=1557\" target=\"_blank\">fast gar nicht pharmabespendete DMSG<\/a> hat \u00fcbrigens auch zum <a href=\"https:\/\/www.dmsg.de\/multiple-sklerose-news\/ms-therapien\/hochdosiertes-vitamin-d-als-zusatztherapie-in-der-behandlung-der-multiplen-sklerose-ein-update\/\" target=\"_blank\">Coimbra-Protokoll Stellung bezogen<\/a>.\u00a0Das wurde ja auch Zeit, dass da mal Respektspersonen f\u00fcr Ruhe sorgen. Kurzfassung: Das Protokoll wird allenfalls als potenzielle Erg\u00e4nzung zum gesetzten Chemo-Cocktail betrachtet, aber eigentlich nicht mal das, denn die DMSG-Neurologen weisen nat\u00fcrlich darauf hin, man m\u00fcsse das Ergebnis randomisierter Studien abwarten. Richtig. Und wer macht die? Auch richtig: Keiner. Jedenfalls nicht vor diesem Fabeltag, an dem wir gleichzeitig Ostern feiern und Weihnachten.<\/p>\n<p>(Sicherheitshalber doppelt hinzugef\u00fcgt: \u201eUnser\u201c (<a href=\"http:\/\/www.lsms.info\" target=\"_blank\">lsms.info<\/a>)-Professor J\u00f6rg Spitz hat sich das Ganze aus n\u00e4chster brasilianischer N\u00e4he angesehen, und unterm Strich l\u00e4sst sich das CP eben nicht reduzieren auf \u201eordentlich D rein, und schon ist alles wieder gut\u201c, denn auch beim CP spielen die &#8222;Lifestyle&#8220;-Faktoren eine Riesenrolle, von Ern\u00e4hrung bis Verhalten. Die Details f\u00fcr diesen Weg finden sich je bei Bedarf weiter auf lsms.info und life-sms.org).<\/p>\n<p>P.S., der Vollst\u00e4ndigkeit halber &#8211; die FAZ hatte \u00fcbrigens k\u00fcrzlich eine h\u00fcbsche Nebelkerze im Programm, unter dem Titel <a href=\"http:\/\/www.faz.net\/aktuell\/wirtschaft\/unternehmen\/us-abgeordnete-ermitteln-wegen-ms-arzneipreisen-15156930.html\" target=\"_blank\"><strong><em>Amerikanische Abgeordnete ermitteln wegen Arzneimittelpreisen<\/em><\/strong> <\/a>(18. 8. 17). Das klingt ja zun\u00e4chst mal gut, und im Text finden sich sogar harte Fakten zum Skandal: \u201eNachdem sich die Preise f\u00fcr MS-Medikamente seit 2004 nahezu verf\u00fcnffacht haben&#8220; (von 16.000\/2004 auf 78.000\/2016) &#8222;wollen die Abgeordneten herausfinden, ob die Unternehmen die Preise im Gleichschritt angehoben haben\u201c sowie \u201eF\u00fcr Merck ist ihr MS-Mittel Rebif mit einem Jahreserl\u00f6s von zuletzt 1,74 Milliarden Euro bislang das mit Abstand umsatzst\u00e4rkste Medikament. Bayer setzte mit seinem MS-Mittel Betaferon im vergangenen Jahr 734 Millionen Euro um, davon 386 Millionen in den Vereinigten Staaten. Das Mittel liegt damit auf Platz sechs der umsatzst\u00e4rksten Pharmaprodukte der Leverkusener.\u201c<\/p>\n<p>Und nun glaube doch bitte mal einer, die beiden gerechten Abgeordneten w\u00e4ren nur vorgeprescht, um die Welt besser zu machen, und w\u00fcrden sich nicht binnen Wochen gegen Zahlung einer kleinen Millionenspende wieder vern\u00fcnftig verhalten. In dem Fall h\u00fclfe dann wohl nur noch eine an die Haust\u00fcr genagelte Katze.<\/p>\n<p>Aber es klingt ja gut. Und, eben, anders als das, was die FAZ sonst so \u201eberichtet\u201c \u00fcber MS. Exemplarisch zum Genie\u00dfen ein sch\u00f6nes Loblied auf die Industrie und ihre Monoklonalen: <a href=\"http:\/\/www.faz.net\/aktuell\/wissen\/medizin-ernaehrung\/multiple-sklerose-jenseits-von-kortison-14546867-p3.html\" target=\"_blank\">Jenseits von Kortison<\/a> (Michael Brendler, 2. 12. 2016), treffend per <a href=\"http:\/\/tag-trier.de\/?p=334\" target=\"_blank\">Leserbrief<\/a> einsortiert von den tapferen <a href=\"http:\/\/tag-trier.de\/\" target=\"_blank\">Tag-Trier<\/a>-Streiterinnen Bessler, Jung und Scheiderbauer: \u201eDie FAZ, die hier einen Artikel ver\u00f6ffentlicht hat, der das Niveau einer Pressemitteilung der Pharmaindustrie hat und eines Prestige-Mediums nicht w\u00fcrdig ist. Vor allem zu bedauern sind die MS-Betroffenen und deren Angeh\u00f6rigen, denen einmal mehr, durch schlecht recherchierte Informationen, Druck und Angst gemacht wird, sich im Sinne der Pharmaindustrie zu verhalten. N\u00e4mlich kritiklos eine immer risikoreichere Medikation mitzutragen.\u201c<\/p>\n<p>Na. Da d\u00fcrfen wir ja alle unheimlich gar nicht gespannt sein, wie die FAZ die kommende Leitlinie feiern wird. Die wird f\u00fcr 2018 sehns\u00fcchtig erwartet (nicht von den Patienten), und mit etwas Gl\u00fcck bekommen ja auch alle \u201eCIS\u201c-F\u00e4lle dann ein Upgrade von \u201esofort Basisprogramm\u201c auf \u201ed\u00fcrfen sofort auch alles andere\u201c.<\/p>\n<p>P.P.S.: Kann mal einer die Wikipedia anrufen und der sagen, sie solle endlich ihre deutschen MS-Pr\u00e4valenz-Zahlen von 2000 wegwerfen? (<em>\u201eNach aktuellen Sch\u00e4tzungen liegt die Krankheitsh\u00e4ufigkeit (&#8230;)\u00a0bei 149 Erkrankten pro 100.000 Einwohnern, woraus sich eine Gesamtzahl von etwa 122.000 Erkrankten erg\u00e4be.<span style=\"font-size: xx-small;\"> <\/span>Andere Sch\u00e4tzungen gehen von 67.000 bis 138.000 erkrankten Patienten aus.&#8220;) <\/em>Das Bundesversicherungsamt hatte dazu schon <em>2014<\/em> ein paar klare Anmerkungen und ein Fazit, n\u00e4mlich \u201eDie Zahl der in Deutschland lebenden MS-Kranken ist ungef\u00e4hr 50% h\u00f6her als bislang vermutet\u201c &#8211; liegt also bei etwa 240.000. Und das ist nicht so ganz egal, denn es relativiert Verwendung wie Nutzen der Pharmaprodukte, weil bei fairer Betrachtung schlicht die Zahl der MS-Diagnostizierten, die \u00fcberhaupt zu Neurologen gehen, <em>etwas<\/em> kleiner ist als angenommen. Daraus lie\u00dfen sich ja m\u00f6glicherweise Schl\u00fcsse ziehen, und sogar positive. Wer sagt\u00b4s der Wiki?<\/p>\n<p>P.P.P.S. nach Martins Kommentar. Okay, so m\u00fcsste es aussehen.<\/p>\n<p><a rel=\"attachment wp-att-2139\" href=\"http:\/\/www.xn--erzhler-7wa.net\/?attachment_id=2139\"><\/a><a rel=\"attachment wp-att-2140\" href=\"http:\/\/www.xn--erzhler-7wa.net\/?attachment_id=2140\"><img decoding=\"async\" loading=\"lazy\" class=\"aligncenter size-large wp-image-2140\" title=\"Bildschirmfoto 2017-10-09 um 17.02.22\" src=\"http:\/\/www.xn--erzhler-7wa.net\/wp-content\/uploads\/2017\/10\/Bildschirmfoto-2017-10-09-um-17.02.221-1024x218.png\" alt=\"\" width=\"640\" height=\"136\" srcset=\"https:\/\/www.xn--erzhler-7wa.net\/wp-content\/uploads\/2017\/10\/Bildschirmfoto-2017-10-09-um-17.02.221-1024x218.png 1024w, https:\/\/www.xn--erzhler-7wa.net\/wp-content\/uploads\/2017\/10\/Bildschirmfoto-2017-10-09-um-17.02.221-150x32.png 150w, https:\/\/www.xn--erzhler-7wa.net\/wp-content\/uploads\/2017\/10\/Bildschirmfoto-2017-10-09-um-17.02.221-300x64.png 300w, https:\/\/www.xn--erzhler-7wa.net\/wp-content\/uploads\/2017\/10\/Bildschirmfoto-2017-10-09-um-17.02.221-940x198.png 940w, https:\/\/www.xn--erzhler-7wa.net\/wp-content\/uploads\/2017\/10\/Bildschirmfoto-2017-10-09-um-17.02.221.png 1992w\" sizes=\"(max-width: 640px) 100vw, 640px\" \/><\/a>Sah\u00b4s auch bis eben, aber jetzt ist\u00b4s auch schon beim Wiki-T\u00fcv. Mal schauen, ob es da heil wieder rauskommt.<\/p>\n","protected":false},"excerpt":{"rendered":"<p>Endlich! Gute Nachrichten! Die neue Verk\u00e4uferbrosch\u00fcre f\u00fcr die MS-Dealer in Wei\u00df ist da, und da stehen wirklich nur n\u00fctzliche Dinge drin (f\u00fcr Verk\u00e4ufer, nicht f\u00fcr Patienten). Herausgeber der vielen hilfreichen Hinweise ist \u00fcbrigens der gemeinn\u00fctzige Verein Kompetenznetz Multiple Sklerose e. &hellip; <a href=\"https:\/\/www.xn--erzhler-7wa.net\/?p=2132\">Weiterlesen <span class=\"meta-nav\">&rarr;<\/span><\/a><\/p>\n","protected":false},"author":1,"featured_media":0,"comment_status":"open","ping_status":"open","sticky":false,"template":"","format":"standard","meta":{"footnotes":""},"categories":[138],"tags":[],"_links":{"self":[{"href":"https:\/\/www.xn--erzhler-7wa.net\/index.php?rest_route=\/wp\/v2\/posts\/2132"}],"collection":[{"href":"https:\/\/www.xn--erzhler-7wa.net\/index.php?rest_route=\/wp\/v2\/posts"}],"about":[{"href":"https:\/\/www.xn--erzhler-7wa.net\/index.php?rest_route=\/wp\/v2\/types\/post"}],"author":[{"embeddable":true,"href":"https:\/\/www.xn--erzhler-7wa.net\/index.php?rest_route=\/wp\/v2\/users\/1"}],"replies":[{"embeddable":true,"href":"https:\/\/www.xn--erzhler-7wa.net\/index.php?rest_route=%2Fwp%2Fv2%2Fcomments&post=2132"}],"version-history":[{"count":8,"href":"https:\/\/www.xn--erzhler-7wa.net\/index.php?rest_route=\/wp\/v2\/posts\/2132\/revisions"}],"predecessor-version":[{"id":2142,"href":"https:\/\/www.xn--erzhler-7wa.net\/index.php?rest_route=\/wp\/v2\/posts\/2132\/revisions\/2142"}],"wp:attachment":[{"href":"https:\/\/www.xn--erzhler-7wa.net\/index.php?rest_route=%2Fwp%2Fv2%2Fmedia&parent=2132"}],"wp:term":[{"taxonomy":"category","embeddable":true,"href":"https:\/\/www.xn--erzhler-7wa.net\/index.php?rest_route=%2Fwp%2Fv2%2Fcategories&post=2132"},{"taxonomy":"post_tag","embeddable":true,"href":"https:\/\/www.xn--erzhler-7wa.net\/index.php?rest_route=%2Fwp%2Fv2%2Ftags&post=2132"}],"curies":[{"name":"wp","href":"https:\/\/api.w.org\/{rel}","templated":true}]}}