{"id":203,"date":"2011-04-24T18:10:55","date_gmt":"2011-04-24T18:10:55","guid":{"rendered":"http:\/\/www.xn--erzhler-7wa.net\/?p=203"},"modified":"2012-11-20T22:03:21","modified_gmt":"2012-11-20T22:03:21","slug":"kinderschreckliteratur-notwendige","status":"publish","type":"post","link":"https:\/\/www.xn--erzhler-7wa.net\/?p=203","title":{"rendered":"Kinderschreckliteratur, notwendige"},"content":{"rendered":"<p>Selektive Wahrnehmung? Oder Tatsache: \u201eEndzeit\u201c derma\u00dfen <em>en vogue<\/em>, dass l\u00e4ngst auch die Bewohner unserer Kinderzimmer bestens im Bilde sind. Oder sogar besser im Bilde als ihre Eltern?\u00a0Die B\u00fccher von <strong><em><span style=\"color: #000000;\">Susan Beth Pfeffer<\/span><\/em><\/strong> sind jedenfalls angeblich f\u00fcr die Altersgruppe \u201e12-15 J.\u201c, und sollte jene danach noch ruhig schlafen k\u00f6nnen, bitte ich um Bluttransfusionen von ausgew\u00e4hlten Exemplaren. In Pfeffers B\u00fcchern (s. u.) ist einzig die Pr\u00e4misse \u201eEin Asteroid trifft den Mond\u201c vereinfachend (und l\u00e4sst jugendgerecht das wahrscheinlichere Szenario \u201eKrieg nach Wirtschaftszusammenbruch\u201c links fallen), der Rest ist erschreckend realistisch. Sprich: Pfeffer beschreibt in schlichter Prosa nichts weiter als die Folgen eines totalen Zusammenbruchs der Normalit\u00e4t infolge einiger Tsumanis, Klimaver\u00e4nderungen (incl. Vulkanausbr\u00fcchen) und der kaskadenartigen Konsequenzen f\u00fcr Versorgung und Alltagsleben. Resp. Alltagssterben. Am Beispiel einer ganz normalen Familie, und das aus der Tagebuchsicht einer 17j\u00e4hrigen.<\/p>\n<p>Ob das Erwachsene nicht unterfordert? Hm. Weichen Erwachsene dieser Art von Literatur nicht sowieso gekonnt aus und gehen statt dessen in die Sauna? Na, eben.<\/p>\n<p>Sinnlos ist\u00b4s also auch, jene auf <em><strong>Janne Teller<\/strong><\/em>s neues Buch (sehr klein, sehr kurz und sehr h\u00fcbsch aufgemacht) hinzuweisen, n\u00e4mlich<strong><em><span style=\"color: #000000;\"> Krieg: Stell Dir vor, er w\u00e4re hier<\/span><\/em><\/strong>, denn das passt prima und l\u00e4ssig in eine knappe Lesestunde, zusammen mit <strong><em><span style=\"color: #000000;\">Stephan\u00e9 Hessels Emp\u00f6rt Euch!<\/span><\/em><\/strong> Ob das auch irgendwer aus der Generation \u201e\u00dc 18\u201c gekauft und gelesen hat? Und wird Hessel noch erleben, dass die J\u00fcngeren es beherzigen? Zu w\u00fcnschen w\u00e4r\u00b4s, uns noch mehr als dem alten Herrn.<\/p>\n<address><strong>Susan Beth Pfeffer \u2013 Life as We Knew it \/ The Dead and the Gone \/ This World We live in<\/strong> (Harcourt Brace, 2008-2010, Band 1 und 2 f\u00fcr um 6 \u20ac, Band 3 (HC) um 12 \u20ac), dt. bei Carlsen als <strong>Die Verlorenen von New York<\/strong> (16,90 \u20ac) und <strong>Die Welt, wie wir sie kannten<\/strong> (17,90 \u20ac), Band 3 folgt).<\/address>\n<address><strong>Teller, Janne \u2013 Krieg: Stell dir vor, er w\u00e4re hier<\/strong> (Hanser 2011, 64 Seiten, 6.90 \u20ac)<\/address>\n<address><strong>Stephan\u00e9 Hessel \u2013 Emp\u00f6rt Euch!<\/strong> (Ullstein 2010, 32 Seiten, 3,99 \u20ac)<\/address>\n","protected":false},"excerpt":{"rendered":"<p>Selektive Wahrnehmung? Oder Tatsache: \u201eEndzeit\u201c derma\u00dfen en vogue, dass l\u00e4ngst auch die Bewohner unserer Kinderzimmer bestens im Bilde sind. Oder sogar besser im Bilde als ihre Eltern?\u00a0Die B\u00fccher von Susan Beth Pfeffer sind jedenfalls angeblich f\u00fcr die Altersgruppe \u201e12-15 J.\u201c, &hellip; <a href=\"https:\/\/www.xn--erzhler-7wa.net\/?p=203\">Weiterlesen <span class=\"meta-nav\">&rarr;<\/span><\/a><\/p>\n","protected":false},"author":1,"featured_media":0,"comment_status":"open","ping_status":"open","sticky":false,"template":"","format":"standard","meta":{"footnotes":""},"categories":[3,8,5],"tags":[83,82],"_links":{"self":[{"href":"https:\/\/www.xn--erzhler-7wa.net\/index.php?rest_route=\/wp\/v2\/posts\/203"}],"collection":[{"href":"https:\/\/www.xn--erzhler-7wa.net\/index.php?rest_route=\/wp\/v2\/posts"}],"about":[{"href":"https:\/\/www.xn--erzhler-7wa.net\/index.php?rest_route=\/wp\/v2\/types\/post"}],"author":[{"embeddable":true,"href":"https:\/\/www.xn--erzhler-7wa.net\/index.php?rest_route=\/wp\/v2\/users\/1"}],"replies":[{"embeddable":true,"href":"https:\/\/www.xn--erzhler-7wa.net\/index.php?rest_route=%2Fwp%2Fv2%2Fcomments&post=203"}],"version-history":[{"count":2,"href":"https:\/\/www.xn--erzhler-7wa.net\/index.php?rest_route=\/wp\/v2\/posts\/203\/revisions"}],"predecessor-version":[{"id":646,"href":"https:\/\/www.xn--erzhler-7wa.net\/index.php?rest_route=\/wp\/v2\/posts\/203\/revisions\/646"}],"wp:attachment":[{"href":"https:\/\/www.xn--erzhler-7wa.net\/index.php?rest_route=%2Fwp%2Fv2%2Fmedia&parent=203"}],"wp:term":[{"taxonomy":"category","embeddable":true,"href":"https:\/\/www.xn--erzhler-7wa.net\/index.php?rest_route=%2Fwp%2Fv2%2Fcategories&post=203"},{"taxonomy":"post_tag","embeddable":true,"href":"https:\/\/www.xn--erzhler-7wa.net\/index.php?rest_route=%2Fwp%2Fv2%2Ftags&post=203"}],"curies":[{"name":"wp","href":"https:\/\/api.w.org\/{rel}","templated":true}]}}