{"id":1992,"date":"2016-12-13T13:34:23","date_gmt":"2016-12-13T13:34:23","guid":{"rendered":"http:\/\/www.xn--erzhler-7wa.net\/?p=1992"},"modified":"2016-12-13T13:39:08","modified_gmt":"2016-12-13T13:39:08","slug":"allerletztes-aus-dem-hinterzimmer","status":"publish","type":"post","link":"https:\/\/www.xn--erzhler-7wa.net\/?p=1992","title":{"rendered":"Allerletztes aus dem Hinterzimmer"},"content":{"rendered":"<p>In Sachen VG Wort nur der Vollst\u00e4ndigkeit halber, weil ich uns Autoren-Spa\u00dfbremsen ja nun schon mehrfach auf verlorenem Posten <a href=\"http:\/\/www.erz\u00e4hler.net\/?s=VG+Wort\" target=\"_blank\">verortete<\/a>: Der deutsche Sonderweg in Sachen Urheberrechtsaushebelung ist beschlossene Sache und wird von der SPD in bestem Neusprechdeutsch auch noch zum grandiosen Sieg umgedeutet. (<a href=\"http:\/\/www.spdfraktion.de\/presse\/pressemitteilungen\/endlich-mehr-rechte-urheber\" target=\"_blank\">Pressemitteilung<\/a>). Doof nur, dass die Texter sich einen Freud\u00b4schen Versprecher druckreif leisten (Hervorhebung von mir): &#8222;Zu guter Letzt konnten wir uns mit der Union auf eine Neuregelung der Verlegerbeteiligung einigen, die vor allem f\u00fcr kleine und mittelgro\u00dfe Verlage wichtig ist. Im Interesse einer bisher gut funktionierenden, <strong>auch die Urheber ber\u00fccksichtigenden, Praxis<\/strong> konnten wir eine Regelung erzielen, die den europarechtlichen Vorgaben gerecht wird.&#8220;<\/p>\n<p>Wuharrharr. Lachen vom Band. Jetzt werden also im praktischen <em>Urheberrecht<\/em> auch die <em>Urheber<\/em> ber\u00fccksichtigt! Na, wenn das keine gute Nachricht ist. (Doch, nat\u00fcrlich m\u00fcsste da, wenn schon, stehen: \u201eauch die <em>Verlage<\/em> ber\u00fccksichtigt werden\u201c, aber wer will sich damit in Zukunft noch ernsthaft besch\u00e4ftigen? Don Quixote?)<\/p>\n<p>Wie prophezeit: Das ist ein Sieg auf der ganzen Linie. F\u00fcr Verlage und Buchhandel, gegen die Autoren, gegen das BGH-Urteil. Die kleinen und mittleren Verlage k\u00f6nnen in Zukunft garantiert wieder das den Autoren zustehende Geld behalten, \u00fcbergangsweise auch entgegen geltendem Europarecht, aber ein Gutes hat das Ganze: <a href=\"http:\/\/blog.chlinks.de\/?wysija-page=1&amp;controller=email&amp;action=view&amp;email_id=9&amp;wysijap=subscriptions\" target=\"_blank\">Newsletter<\/a> wie der des Chr.-Links-Verlages bleiben uns in Zukunft erspart. (Aber weil dieser so wunderbar wirklichkeitsverdreht war, genie\u00dfen wir ihn noch mal kurz im entscheidenden Auszug, bevor er f\u00fcr immer verschwindet):<\/p>\n<p><em>\u201eDie zwischen 2012 und 2014 unter Vorbehalt bereits an uns \u00fcberwiesenen Gelder m\u00fcssen zur\u00fcckgezahlt werden, und zwar binnen vier Wochen, wie man uns zur Frankfurter Buchmesse im Oktober mitteilte. Bei uns bel\u00e4uft sich das auf\u00a0 51.000 Euro. Damit ist nicht nur der sch\u00f6ne Preis dahin, sondern alles, was wir in diesem Jahr bereits verdient haben. In diesem Jahr wird es kein Weihnachtsgeld geben, im n\u00e4chsten Jahr weniger\u00a0 Titel und kleinere Messest\u00e4nde. Ein einzelner Autor hat mit Klagen \u00fcber drei Instanzen das gesamte Gef\u00fcge des seit 1958 funktionierenden Ausgleichs zwischen Autoren und Verlagen zu Fall gebracht, und die Politik hat keine M\u00f6glichkeit gesehen, dem gesetzgeberisch zu begegnen, obwohl immer wieder beteuert wurde, dass man am Erhalt der bew\u00e4hrten Strukturen interessiert sei. Wir Verlage sind am Ende schlicht verladen worden.\u201c<\/em><\/p>\n<p>Naa, am <em>Ende<\/em> jetzt doch nicht ihr Verlage. Am Ende sind\u00b4s doch wieder wir, die notorisch weihnachtsgeldlosen Autoren, gell?<\/p>\n<p>P.S.: Und dennoch, dringend, f\u00fcr die Abo-Leiste, der weiter unbeirrbar goldrichtige und -wichtige Info-Blog:<a href=\"http:\/\/www.vginfo.org\/\"> http:\/\/www.vginfo.org<\/a>, zum Einstieg hier anklicken: <a href=\"http:\/\/www.vginfo.org\/faq.html\">http:\/\/www.vginfo.org\/faq.html<\/a><\/p>\n","protected":false},"excerpt":{"rendered":"<p>In Sachen VG Wort nur der Vollst\u00e4ndigkeit halber, weil ich uns Autoren-Spa\u00dfbremsen ja nun schon mehrfach auf verlorenem Posten verortete: Der deutsche Sonderweg in Sachen Urheberrechtsaushebelung ist beschlossene Sache und wird von der SPD in bestem Neusprechdeutsch auch noch zum &hellip; <a href=\"https:\/\/www.xn--erzhler-7wa.net\/?p=1992\">Weiterlesen <span class=\"meta-nav\">&rarr;<\/span><\/a><\/p>\n","protected":false},"author":1,"featured_media":0,"comment_status":"open","ping_status":"open","sticky":false,"template":"","format":"standard","meta":{"footnotes":""},"categories":[1,56],"tags":[71],"_links":{"self":[{"href":"https:\/\/www.xn--erzhler-7wa.net\/index.php?rest_route=\/wp\/v2\/posts\/1992"}],"collection":[{"href":"https:\/\/www.xn--erzhler-7wa.net\/index.php?rest_route=\/wp\/v2\/posts"}],"about":[{"href":"https:\/\/www.xn--erzhler-7wa.net\/index.php?rest_route=\/wp\/v2\/types\/post"}],"author":[{"embeddable":true,"href":"https:\/\/www.xn--erzhler-7wa.net\/index.php?rest_route=\/wp\/v2\/users\/1"}],"replies":[{"embeddable":true,"href":"https:\/\/www.xn--erzhler-7wa.net\/index.php?rest_route=%2Fwp%2Fv2%2Fcomments&post=1992"}],"version-history":[{"count":3,"href":"https:\/\/www.xn--erzhler-7wa.net\/index.php?rest_route=\/wp\/v2\/posts\/1992\/revisions"}],"predecessor-version":[{"id":1995,"href":"https:\/\/www.xn--erzhler-7wa.net\/index.php?rest_route=\/wp\/v2\/posts\/1992\/revisions\/1995"}],"wp:attachment":[{"href":"https:\/\/www.xn--erzhler-7wa.net\/index.php?rest_route=%2Fwp%2Fv2%2Fmedia&parent=1992"}],"wp:term":[{"taxonomy":"category","embeddable":true,"href":"https:\/\/www.xn--erzhler-7wa.net\/index.php?rest_route=%2Fwp%2Fv2%2Fcategories&post=1992"},{"taxonomy":"post_tag","embeddable":true,"href":"https:\/\/www.xn--erzhler-7wa.net\/index.php?rest_route=%2Fwp%2Fv2%2Ftags&post=1992"}],"curies":[{"name":"wp","href":"https:\/\/api.w.org\/{rel}","templated":true}]}}