{"id":1968,"date":"2016-11-06T13:26:15","date_gmt":"2016-11-06T13:26:15","guid":{"rendered":"http:\/\/www.xn--erzhler-7wa.net\/?p=1968"},"modified":"2016-11-06T18:18:31","modified_gmt":"2016-11-06T18:18:31","slug":"kunstlerdammerung-31-%e2%80%9eschone-sozialversicherung-haben-sie-da","status":"publish","type":"post","link":"https:\/\/www.xn--erzhler-7wa.net\/?p=1968","title":{"rendered":"K\u00fcnstlerd\u00e4mmerung #31: \u201eSch\u00f6ne Sozialversicherung haben Sie da &#8230;"},"content":{"rendered":"<p>&#8230; w\u00e4re doch schade, wenn der was passiert &#8230;\u201c So, durch die Blume, r\u00e4t der B\u00f6rsenverein des deutschen Buchhandels intern den deutschen Verlagen, k\u00f6nne man Autoren doch sicher klar machen, dass sie besser <em>nicht<\/em> auf die Ihnen laut BGH-Urteil (siehe z. B. <a href=\"http:\/\/www.erz\u00e4hler.net\/?p=1949\" target=\"_blank\">hier<\/a>, <a href=\"http:\/\/www.erz\u00e4hler.net\/?p=1863\" target=\"_blank\">hier<\/a> und <a href=\"http:\/\/www.erz\u00e4hler.net\/?p=1847\" target=\"_blank\">hier<\/a>) zustehenden VG-Wort-Nachzahlungen bestehen sollten. Genauer, was die K\u00fcnstlersozialversicherung betrifft: \u201eOhne Verlegerbeteiligung (&#8230;) droht ein Kollaps dieses wichtigen gemeinsam gewollten sozialen Sicherungssystems f\u00fcr Kreative.\u201c<\/p>\n<p>Das ist aber beileibe nicht das einzige laut Buchhandel \u201egewichtige Argument\u201c, das den Autoren nahe gebracht werden sollte. Wie wir erstaunt und dankbar in einem heute an die <a href=\"https:\/\/berlin.piratenpartei.de\/allgemein\/internes-lobbypapier-des-boersenvereins-zur-vg-wort\/\" target=\"_blank\">Berliner Piraten <span style=\"text-decoration: underline;\">\u201e<\/span>geleakten\u201c internen Dokument<\/a> lesen, r\u00e4t der Handel (<a href=\"https:\/\/www.pdf-archive.com\/2016\/11\/06\/boev-info-vg-wort-okt-2016\/boev-info-vg-wort-okt-2016.pdf\" target=\"_blank\">pdf, S. 17 ff.<\/a>) seinen Verlagen bei den anstehenden Gespr\u00e4chen mit Autoren auch darauf hinzuweisen, dass im Fall unserer fortgesetzten Rechtssprechungsbockigkeit unsererseits:<\/p>\n<p>&#8211;\u00a0\u00a0\u00a0\u00a0\u00a0\u00a0 unsere Vorsch\u00fcsse und Honorare massiv gek\u00fcrzt werden<\/p>\n<p>&#8211;\u00a0\u00a0\u00a0\u00a0\u00a0\u00a0 viele B\u00fccher ab jetzt \u00fcberhaupt nicht mehr verlegt werden, wir also<\/p>\n<p>&#8211;\u00a0\u00a0\u00a0\u00a0\u00a0\u00a0 \u201eweniger oder gar keine Publikationsangebote mehr f\u00fcr unsere Manuskripte erhalten\u201c, vulgo: nicht mehr verlegt werden, sowie<\/p>\n<p>&#8211;\u00a0\u00a0\u00a0\u00a0\u00a0\u00a0 die Verlage die Namen ihrer Lektoren einfach mit auf die Buchumschl\u00e4ge schreiben werden und so ohnehin selbst Urheberanspr\u00fcche erwerben.<\/p>\n<p>Das kann man nat\u00fcrlich so machen. Wer am l\u00e4ngeren Hebel sitzt, kann ja sowieso alles machen, sogar neue Gesetze &#8211; derzeit in Arbeit, ab 2017 kann der BGH den Autoren nicht mehr helfen. Derzeit aber geht\u00b4s lediglich um die Schadens &#8230; nee, halt, um die Vorteilsbegrenzung, die den Autoren bei glatter Umsetzung des BGH-Urteil entst\u00fcnde. Und nat\u00fcrlich ist es verst\u00e4ndlich, dass die bislang rechtswidrig profitierenden Verwerter sich intern austauschen, wie man auf die l\u00e4stigen Autoren geeignet Druck aus\u00fcben kann.<\/p>\n<p>Doof nur, wenn so was rausrutscht, weil irgendwer mit einem gr\u00f6\u00dferen Rest Anstandsgef\u00fchl beim B\u00f6rsenverein arbeitet und sich dachte, \u201eNee, das m\u00fcssen die Autoren wissen, die <em>schreiben<\/em> doch unsere B\u00fccher!\u201c<\/p>\n<p>Jetzt wissen wir\u00b4s eben. N\u00fctzen wird\u00b4s uns nix, aber ich die verbliebenen paar Don Quichottes, die im Halbschatten weiter protestieren, das alles emp\u00f6rend finden und, massiv bedroht von lebenslangen Pl\u00e4tzen auf der schwarzen Verlagsliste, trotzdem immer noch nach einer <em>fairen<\/em> Regelung f\u00fcr die Zukunft rufen, finde ich weiterhin nicht l\u00e4cherlich, sondern ganz entschieden bewundernswert.<\/p>\n<p>(Ich will das gar nicht denken, aber bei aller vorhandene Gespr\u00e4chs- und Kompromissbereitschaft meinerseits hat doch so ein Papier wie das nun ein Gschm\u00e4ckle, und zwar ein ganz irgendwie, mh, Blaus\u00e4urenoten dabei &#8230; ja, toxisches.)<\/p>\n","protected":false},"excerpt":{"rendered":"<p>&#8230; w\u00e4re doch schade, wenn der was passiert &#8230;\u201c So, durch die Blume, r\u00e4t der B\u00f6rsenverein des deutschen Buchhandels intern den deutschen Verlagen, k\u00f6nne man Autoren doch sicher klar machen, dass sie besser nicht auf die Ihnen laut BGH-Urteil (siehe &hellip; <a href=\"https:\/\/www.xn--erzhler-7wa.net\/?p=1968\">Weiterlesen <span class=\"meta-nav\">&rarr;<\/span><\/a><\/p>\n","protected":false},"author":1,"featured_media":0,"comment_status":"open","ping_status":"open","sticky":false,"template":"","format":"standard","meta":{"footnotes":""},"categories":[56,6],"tags":[53,169],"_links":{"self":[{"href":"https:\/\/www.xn--erzhler-7wa.net\/index.php?rest_route=\/wp\/v2\/posts\/1968"}],"collection":[{"href":"https:\/\/www.xn--erzhler-7wa.net\/index.php?rest_route=\/wp\/v2\/posts"}],"about":[{"href":"https:\/\/www.xn--erzhler-7wa.net\/index.php?rest_route=\/wp\/v2\/types\/post"}],"author":[{"embeddable":true,"href":"https:\/\/www.xn--erzhler-7wa.net\/index.php?rest_route=\/wp\/v2\/users\/1"}],"replies":[{"embeddable":true,"href":"https:\/\/www.xn--erzhler-7wa.net\/index.php?rest_route=%2Fwp%2Fv2%2Fcomments&post=1968"}],"version-history":[{"count":8,"href":"https:\/\/www.xn--erzhler-7wa.net\/index.php?rest_route=\/wp\/v2\/posts\/1968\/revisions"}],"predecessor-version":[{"id":1978,"href":"https:\/\/www.xn--erzhler-7wa.net\/index.php?rest_route=\/wp\/v2\/posts\/1968\/revisions\/1978"}],"wp:attachment":[{"href":"https:\/\/www.xn--erzhler-7wa.net\/index.php?rest_route=%2Fwp%2Fv2%2Fmedia&parent=1968"}],"wp:term":[{"taxonomy":"category","embeddable":true,"href":"https:\/\/www.xn--erzhler-7wa.net\/index.php?rest_route=%2Fwp%2Fv2%2Fcategories&post=1968"},{"taxonomy":"post_tag","embeddable":true,"href":"https:\/\/www.xn--erzhler-7wa.net\/index.php?rest_route=%2Fwp%2Fv2%2Ftags&post=1968"}],"curies":[{"name":"wp","href":"https:\/\/api.w.org\/{rel}","templated":true}]}}