{"id":1858,"date":"2016-07-20T17:55:31","date_gmt":"2016-07-20T17:55:31","guid":{"rendered":"http:\/\/www.xn--erzhler-7wa.net\/?p=1858"},"modified":"2016-07-20T17:55:31","modified_gmt":"2016-07-20T17:55:31","slug":"jan-bleibt","status":"publish","type":"post","link":"https:\/\/www.xn--erzhler-7wa.net\/?p=1858","title":{"rendered":"Jan bleibt"},"content":{"rendered":"<p>Es f\u00fchlt sich aus verschiedenen Gr\u00fcnden ganz falsch an zu schreiben \u201eJan ist tot\u201c, denn zwar beschreibt das das wohl beh\u00f6rdlich den Sachverhalt korrekt, nicht aber im Wesentlichen, also den Zwischenr\u00e4umen. Also, ja, mein langj\u00e4hriger Brieffreund, Debattierfreund und Inspirator <strong>Jan Moewes<\/strong> hat am 10. Juli 2016, ausweislich 72 Jahre alt, de facto wesentlich j\u00fcnger, an seinem Schreibtisch spontan und offenkundig j\u00e4h und schmerzlos die Arbeit eingestellt. Was ich aus tiefem Herzen bedaure, da er mir entsetzlich fehlen wird.<\/p>\n<p>Dennoch wird er mir von dort, wo sein Geist jetzt weiterweht, nicht widersprechen, wenn ich ihm nicht nur zu seinem diesseitigen Werk mit Inbrunst gratuliere, sondern auch zu seinem konsequenten Abgang \u2013 beziehungsweise seiner konsequent angetretenen Weiterreise. Denn ein l\u00e4nger als 5 Minuten dauernder Krankenhausaufenthalt w\u00e4re sicher nicht in seinem Sinn gewesen, geschweige denn irgendwelche herzlosen Spinner, die einen an ebenfalls herzlose Maschinen anschlie\u00dfen und noch ein Weilchen oder eine Weile Jahre weitervegetieren lassen.<\/p>\n<p>Nicht, dass so was angestanden h\u00e4tte, denn in seinen letzten Mails an mich, vom 1. Juli, hatte Jan sogar noch besser geklungen als sonst und sowieso, also erst recht optimistisch, dass wir unsere gef\u00e4hrdete Welt und unsere gef\u00e4hrdeten Seelen doch noch ein bisschen besser und kl\u00fcger und empathischer machen k\u00f6nnen. Wir waren uns sogar vollst\u00e4ndig einig gewesen, dass wir f\u00fcr Pessimismus einfach schon viel zu alt sind.<\/p>\n<p>Nur: Bei allem Respekt muss mir doch gestattet sein, meinem alten Freund hinterherzurufen: \u201eSuper Abgang, aber entschieden zu fr\u00fch! Nat\u00fcrlich bleibst du, durch deine Werke, deine Worte, aber du h\u00e4ttest doch auch <em>in echt<\/em> noch eine Weile bleiben k\u00f6nnen.\u201c Er m\u00f6ge mir das Quengeln nachsehen, ich gebe zu, das ist egoistisch. Denn ich werde ihm garantiert nicht fehlen, er mir aber garantiert sehr wohl.<\/p>\n<p>Meine Lieblingsb\u00fccher von Jan sind selbstredend weiter da, im fassbaren <a href=\"https:\/\/www.amazon.de\/s\/ref=nb_sb_noss?__mk_de_DE=%C3%85M%C3%85%C5%BD%C3%95%C3%91&amp;url=search-alias%3Daps&amp;field-keywords=Jan+Moewes\" target=\"_blank\">Kosmos<\/a>. Meinen absoluten und nachdr\u00fccklich inspirierenden Favoriten hatte ich schon mehrfach an dieser Stelle gepriesen und zur Lekt\u00fcre empfohlen, n\u00e4mlich \u201e<strong>Eine kleine Geschichte des Raums: Der Kosmos lebt<\/strong>\u201c*, aber auch Jans letztes Buch lege ich hiermit der ganzen kleinen hier mitlesenden Welt dringend ans Herz: \u201e<strong>Ohne Liebe herrscht nur Trauer: Vom Zustand der Welt<\/strong>.\u201c<\/p>\n<p>Aber sogar die Worte \u201ekomm gut heim\u201c gehen mir kaum \u00fcber die Finger, denn da schwingt so was von \u201eWeggehen\u201c mit, und davon kann hier ja gar nicht die Rede sein. Jan Moewes geht nicht weg. Jan Moewes bleibt, ganz entschieden. Das einzige, was sich wie alles im Kosmos grad mal wieder gewandelt hat, ist Jans physische Form. Aber dass das nicht der Rede wert ist, dar\u00fcber waren und sind wir uns ja schreibend wie f\u00fchlend immer einig gewesen, und es gibt keinen Anlass, diese \u00dcberzeugung wegen einer so kleinen dimensionalen Verschiebung in Frage zu stellen.<\/p>\n<p>Also, mein Bester. Ich bin sicher, dass sich nichts \u00e4ndert zwischen uns, und ich freue mich, dass du weiterhin st\u00e4ndig in meinen Gedanken sein wirst, ratend, fragend, inspirierend. Danke, dass du warst und bleibst.<\/p>\n","protected":false},"excerpt":{"rendered":"<p>Es f\u00fchlt sich aus verschiedenen Gr\u00fcnden ganz falsch an zu schreiben \u201eJan ist tot\u201c, denn zwar beschreibt das das wohl beh\u00f6rdlich den Sachverhalt korrekt, nicht aber im Wesentlichen, also den Zwischenr\u00e4umen. Also, ja, mein langj\u00e4hriger Brieffreund, Debattierfreund und Inspirator Jan &hellip; <a href=\"https:\/\/www.xn--erzhler-7wa.net\/?p=1858\">Weiterlesen <span class=\"meta-nav\">&rarr;<\/span><\/a><\/p>\n","protected":false},"author":1,"featured_media":0,"comment_status":"open","ping_status":"open","sticky":false,"template":"","format":"standard","meta":{"footnotes":""},"categories":[1,27],"tags":[],"_links":{"self":[{"href":"https:\/\/www.xn--erzhler-7wa.net\/index.php?rest_route=\/wp\/v2\/posts\/1858"}],"collection":[{"href":"https:\/\/www.xn--erzhler-7wa.net\/index.php?rest_route=\/wp\/v2\/posts"}],"about":[{"href":"https:\/\/www.xn--erzhler-7wa.net\/index.php?rest_route=\/wp\/v2\/types\/post"}],"author":[{"embeddable":true,"href":"https:\/\/www.xn--erzhler-7wa.net\/index.php?rest_route=\/wp\/v2\/users\/1"}],"replies":[{"embeddable":true,"href":"https:\/\/www.xn--erzhler-7wa.net\/index.php?rest_route=%2Fwp%2Fv2%2Fcomments&post=1858"}],"version-history":[{"count":3,"href":"https:\/\/www.xn--erzhler-7wa.net\/index.php?rest_route=\/wp\/v2\/posts\/1858\/revisions"}],"predecessor-version":[{"id":1861,"href":"https:\/\/www.xn--erzhler-7wa.net\/index.php?rest_route=\/wp\/v2\/posts\/1858\/revisions\/1861"}],"wp:attachment":[{"href":"https:\/\/www.xn--erzhler-7wa.net\/index.php?rest_route=%2Fwp%2Fv2%2Fmedia&parent=1858"}],"wp:term":[{"taxonomy":"category","embeddable":true,"href":"https:\/\/www.xn--erzhler-7wa.net\/index.php?rest_route=%2Fwp%2Fv2%2Fcategories&post=1858"},{"taxonomy":"post_tag","embeddable":true,"href":"https:\/\/www.xn--erzhler-7wa.net\/index.php?rest_route=%2Fwp%2Fv2%2Ftags&post=1858"}],"curies":[{"name":"wp","href":"https:\/\/api.w.org\/{rel}","templated":true}]}}