{"id":165,"date":"2011-03-09T19:39:11","date_gmt":"2011-03-09T19:39:11","guid":{"rendered":"http:\/\/www.xn--erzhler-7wa.net\/?p=165"},"modified":"2011-11-04T17:48:28","modified_gmt":"2011-11-04T17:48:28","slug":"108-billionen-euro","status":"publish","type":"post","link":"https:\/\/www.xn--erzhler-7wa.net\/?p=165","title":{"rendered":"10,8 Billionen Euro"},"content":{"rendered":"<p>&#8230; bis 2040. Das ist die Summe, die die EU laut gestriger Ank\u00fcndigung in den &#8222;Klimaschutz&#8220; zu stecken gedenkt (exemplarisch zusammengefasst z. B. in der <a href=\"http:\/\/www.zeit.de\/wirtschaft\/2011-03\/klima-eu-strategie\" target=\"_blank\">Zeit<\/a>) &#8211; wobei mit Klimaschutz eben nicht der Abbau von 7 Tage\/Woche Wurst aus methanfurzendem Nutzvieh gemeint ist, sondern irgendwas anderes, vermutlich &#8230; neue Kohlekraftwerke, 60 Jahre garantierte Laufzeit, mit Carbon-Catch-22-Staubsaugerbeutel dran, obwohl keiner den Inhalt des Beutels lagern kann oder will.<\/p>\n<p>Ach, herrlich. Wir geben unser letztes Hemd f\u00fcr die Rettung der Erde. Nicht unbedingt &#8222;der Welt&#8220; oder &#8222;der Menschen&#8220;, denn die brauchten ja nur 50 Milliarden Euro p. a. f\u00fcr ein gl\u00fcckliches Nichtverhungern, nein, wir retten &#8230; die Erde. Vor <em>allem<\/em>.<\/p>\n<p>F\u00fcr 270 Milliarden Euro im <em>Jahr<\/em>? Hab ich da irgendwas falsch verstanden in Sachen G\u00fcrtel enger, Kassen leer, Staatsverschuldung usf.? H\u00e4tt ich doch nur besser zugeh\u00f6rt in Makro- und Mikro\u00f6konomie, dann k\u00f6nnt ich den Quark wahrscheinlich genauso fr\u00f6hlich weiter- und breitertreten wie unsere besten Wirtschaftsredakteure. Beschlossene Sache: Ich mach den Dipl. Kfm. doch noch ganz zu Ende, und den Doktortitel kauf ich mir f\u00fcr 800 Trilliarden gleich dazu, so kurz nach der W\u00e4hrungsreform 2.0.<\/p>\n","protected":false},"excerpt":{"rendered":"<p>&#8230; bis 2040. Das ist die Summe, die die EU laut gestriger Ank\u00fcndigung in den &#8222;Klimaschutz&#8220; zu stecken gedenkt (exemplarisch zusammengefasst z. B. in der Zeit) &#8211; wobei mit Klimaschutz eben nicht der Abbau von 7 Tage\/Woche Wurst aus methanfurzendem &hellip; <a href=\"https:\/\/www.xn--erzhler-7wa.net\/?p=165\">Weiterlesen <span class=\"meta-nav\">&rarr;<\/span><\/a><\/p>\n","protected":false},"author":1,"featured_media":0,"comment_status":"open","ping_status":"open","sticky":false,"template":"","format":"standard","meta":{"footnotes":""},"categories":[1,3,8],"tags":[48,173],"_links":{"self":[{"href":"https:\/\/www.xn--erzhler-7wa.net\/index.php?rest_route=\/wp\/v2\/posts\/165"}],"collection":[{"href":"https:\/\/www.xn--erzhler-7wa.net\/index.php?rest_route=\/wp\/v2\/posts"}],"about":[{"href":"https:\/\/www.xn--erzhler-7wa.net\/index.php?rest_route=\/wp\/v2\/types\/post"}],"author":[{"embeddable":true,"href":"https:\/\/www.xn--erzhler-7wa.net\/index.php?rest_route=\/wp\/v2\/users\/1"}],"replies":[{"embeddable":true,"href":"https:\/\/www.xn--erzhler-7wa.net\/index.php?rest_route=%2Fwp%2Fv2%2Fcomments&post=165"}],"version-history":[{"count":3,"href":"https:\/\/www.xn--erzhler-7wa.net\/index.php?rest_route=\/wp\/v2\/posts\/165\/revisions"}],"predecessor-version":[{"id":352,"href":"https:\/\/www.xn--erzhler-7wa.net\/index.php?rest_route=\/wp\/v2\/posts\/165\/revisions\/352"}],"wp:attachment":[{"href":"https:\/\/www.xn--erzhler-7wa.net\/index.php?rest_route=%2Fwp%2Fv2%2Fmedia&parent=165"}],"wp:term":[{"taxonomy":"category","embeddable":true,"href":"https:\/\/www.xn--erzhler-7wa.net\/index.php?rest_route=%2Fwp%2Fv2%2Fcategories&post=165"},{"taxonomy":"post_tag","embeddable":true,"href":"https:\/\/www.xn--erzhler-7wa.net\/index.php?rest_route=%2Fwp%2Fv2%2Ftags&post=165"}],"curies":[{"name":"wp","href":"https:\/\/api.w.org\/{rel}","templated":true}]}}