{"id":1176,"date":"2014-02-15T11:06:08","date_gmt":"2014-02-15T11:06:08","guid":{"rendered":"http:\/\/www.xn--erzhler-7wa.net\/?p=1176"},"modified":"2014-02-15T11:06:08","modified_gmt":"2014-02-15T11:06:08","slug":"kunstlerdammerung-18","status":"publish","type":"post","link":"https:\/\/www.xn--erzhler-7wa.net\/?p=1176","title":{"rendered":"K\u00fcnstlerd\u00e4mmerung (#18)"},"content":{"rendered":"<p>Skandal\u00f6s: von den zirka 9 Milliarden Euro j\u00e4hrlich erhobenen Funk- und Fernsehsteuern kommen 38% bei den Programmmachern an \u2013 das wird sich \u00e4ndern, das ist eindeutig zu viel. Die \u201e73 nicht ben\u00f6tigten Cent pro Zahlerkopf und -monat\u201c, gelegentlich schon an dieser Stelle <a href=\"http:\/\/www.erz\u00e4hler.net\/?p=1059\"><span style=\"text-decoration: underline;\">zerlegt<\/span><\/a>, werden jedenfalls garantiert nicht dem k\u00fcnstlerischen und handwerkenden Medienprekariat zugutekommen, sondern dem hart fernsehenden Volk. Die verbleibenden 62% gehen weiterhin in die Verwaltung, Tendenz: dringend steigerungsf\u00e4hig.<\/p>\n<p>Ilja Braun hat an der dazugeh\u00f6rigen Podiumsveranstaltung der Deutschen Akademie f\u00fcr Film und Fernsehen <a href=\"http:\/\/www.carta.info\/70088\/die-rundfunkgebuhr-kommt-bei-den-programmmachern-nicht-an\/\" target=\"_blank\">lesenswert<\/a> teilgenommen, seinem Fazit ist nichts hinzuf\u00fcgen.<\/p>\n<p>\u201eBeim \u00f6ffentlich-rechtlichen Rundfunk geht ohne massive Selbstausbeutung der Kreativen offenbar gar nichts mehr. Die Schuld daf\u00fcr schieben die Sender auf die Produzenten. Die \u201eKommission zur Ermittlung des Finanzbedarfs\u201c ist f\u00fcr eine \u00dcberpr\u00fcfung der Kostenstrukturen nicht zust\u00e4ndig, da sie ja kein Rechnungshof ist, und im \u00dcbrigen nur nebenbei arbeitet. Die Politik muss R\u00fccksicht auf die Belange der B\u00fcrgerinnen und B\u00fcrger nehmen und darf schon verfassungsrechtlich nicht in die Redaktionen hineinreden. Schuld ist also niemand, und \u00e4ndern kann auch niemand etwas.<\/p>\n<p>Die gute Nachricht: Bald bekommen alle 73 Cent im Monat zur\u00fcck.\u201c<\/p>\n","protected":false},"excerpt":{"rendered":"<p>Skandal\u00f6s: von den zirka 9 Milliarden Euro j\u00e4hrlich erhobenen Funk- und Fernsehsteuern kommen 38% bei den Programmmachern an \u2013 das wird sich \u00e4ndern, das ist eindeutig zu viel. Die \u201e73 nicht ben\u00f6tigten Cent pro Zahlerkopf und -monat\u201c, gelegentlich schon an &hellip; <a href=\"https:\/\/www.xn--erzhler-7wa.net\/?p=1176\">Weiterlesen <span class=\"meta-nav\">&rarr;<\/span><\/a><\/p>\n","protected":false},"author":1,"featured_media":0,"comment_status":"open","ping_status":"open","sticky":false,"template":"","format":"standard","meta":{"footnotes":""},"categories":[1,4,56,6],"tags":[71],"_links":{"self":[{"href":"https:\/\/www.xn--erzhler-7wa.net\/index.php?rest_route=\/wp\/v2\/posts\/1176"}],"collection":[{"href":"https:\/\/www.xn--erzhler-7wa.net\/index.php?rest_route=\/wp\/v2\/posts"}],"about":[{"href":"https:\/\/www.xn--erzhler-7wa.net\/index.php?rest_route=\/wp\/v2\/types\/post"}],"author":[{"embeddable":true,"href":"https:\/\/www.xn--erzhler-7wa.net\/index.php?rest_route=\/wp\/v2\/users\/1"}],"replies":[{"embeddable":true,"href":"https:\/\/www.xn--erzhler-7wa.net\/index.php?rest_route=%2Fwp%2Fv2%2Fcomments&post=1176"}],"version-history":[{"count":3,"href":"https:\/\/www.xn--erzhler-7wa.net\/index.php?rest_route=\/wp\/v2\/posts\/1176\/revisions"}],"predecessor-version":[{"id":1179,"href":"https:\/\/www.xn--erzhler-7wa.net\/index.php?rest_route=\/wp\/v2\/posts\/1176\/revisions\/1179"}],"wp:attachment":[{"href":"https:\/\/www.xn--erzhler-7wa.net\/index.php?rest_route=%2Fwp%2Fv2%2Fmedia&parent=1176"}],"wp:term":[{"taxonomy":"category","embeddable":true,"href":"https:\/\/www.xn--erzhler-7wa.net\/index.php?rest_route=%2Fwp%2Fv2%2Fcategories&post=1176"},{"taxonomy":"post_tag","embeddable":true,"href":"https:\/\/www.xn--erzhler-7wa.net\/index.php?rest_route=%2Fwp%2Fv2%2Ftags&post=1176"}],"curies":[{"name":"wp","href":"https:\/\/api.w.org\/{rel}","templated":true}]}}