{"id":1152,"date":"2014-02-02T09:03:44","date_gmt":"2014-02-02T09:03:44","guid":{"rendered":"http:\/\/www.xn--erzhler-7wa.net\/?p=1152"},"modified":"2014-02-02T09:03:44","modified_gmt":"2014-02-02T09:03:44","slug":"der-neologismus-zum-sonntag-20-jahre-danach","status":"publish","type":"post","link":"https:\/\/www.xn--erzhler-7wa.net\/?p=1152","title":{"rendered":"Der Neologismus zum Sonntag, 20 Jahre danach"},"content":{"rendered":"<p>\u201e<em><strong>Der tiefere Sinn des Labenz<\/strong><\/em>\u201c wird heute zum zirka 20sten Jubil\u00e4um der deutschen Erstausgabe von den <a href=\"http:\/\/www.radioeins.de\/programm\/sendungen\/literaturagenten\/index.html\" target=\"_blank\">radioeins-\u201eLiteraturagenten\u201c<\/a> Gesa Ufer und Frank Meyer gew\u00fcrdigt, und einer der Autoren darf ebenfalls was dazu sagen. Mir w\u00e4r\u00b4s auch lieber gewesen, man h\u00e4tte statt meiner den tief verehrten Douglas zugeschaltet, aber der Allerbeste funkt nun mal auf anderen Frequenzen. Gut, dass er unsterblich ist, aber doch katastrophal, dass er nichts Neues mehr schickt.<\/p>\n<p>Der tiefere Sinn indes, auch der im Labenz, der bleibt. Auf ewig. Erfreulich. (Und sogar in beiden Varianten, also dt\/dt und engl\/engl, zwischen den Buchdeckeln).<\/p>\n<p><a href=\"http:\/\/www.amazon.de\/gp\/product\/3954030535\/ref=as_li_qf_sp_asin_il?ie=UTF8&amp;camp=1638&amp;creative=6742&amp;creativeASIN=3954030535&amp;linkCode=as2&amp;tag=www119fragede-21\"><img decoding=\"async\" src=\"http:\/\/ws-eu.amazon-adsystem.com\/widgets\/q?_encoding=UTF8&amp;ASIN=3954030535&amp;Format=_SL160_&amp;ID=AsinImage&amp;MarketPlace=DE&amp;ServiceVersion=20070822&amp;WS=1&amp;tag=www119fragede-21\" border=\"0\" alt=\"\" \/><\/a><img decoding=\"async\" loading=\"lazy\" style=\"border: none !important; margin: 0px !important;\" src=\"http:\/\/ir-de.amazon-adsystem.com\/e\/ir?t=www119fragede-21&amp;l=as2&amp;o=3&amp;a=3954030535\" border=\"0\" alt=\"\" width=\"1\" height=\"1\" \/><\/p>\n<p><strong>Adams \/ Lloyd \/ B\u00f6ttcher \u2013 Der tiefere Sinn des Labenz<\/strong>: Das W\u00f6rterbuch der bisher unbenannten Gegenst\u00e4nde und Gef\u00fchle\u00a0 (Rogner &amp; Bernhard Berlin, 312 S., 14.99 \u20ac)<\/p>\n","protected":false},"excerpt":{"rendered":"<p>\u201eDer tiefere Sinn des Labenz\u201c wird heute zum zirka 20sten Jubil\u00e4um der deutschen Erstausgabe von den radioeins-\u201eLiteraturagenten\u201c Gesa Ufer und Frank Meyer gew\u00fcrdigt, und einer der Autoren darf ebenfalls was dazu sagen. Mir w\u00e4r\u00b4s auch lieber gewesen, man h\u00e4tte statt &hellip; <a href=\"https:\/\/www.xn--erzhler-7wa.net\/?p=1152\">Weiterlesen <span class=\"meta-nav\">&rarr;<\/span><\/a><\/p>\n","protected":false},"author":1,"featured_media":0,"comment_status":"open","ping_status":"open","sticky":false,"template":"","format":"standard","meta":{"footnotes":""},"categories":[1,27],"tags":[],"_links":{"self":[{"href":"https:\/\/www.xn--erzhler-7wa.net\/index.php?rest_route=\/wp\/v2\/posts\/1152"}],"collection":[{"href":"https:\/\/www.xn--erzhler-7wa.net\/index.php?rest_route=\/wp\/v2\/posts"}],"about":[{"href":"https:\/\/www.xn--erzhler-7wa.net\/index.php?rest_route=\/wp\/v2\/types\/post"}],"author":[{"embeddable":true,"href":"https:\/\/www.xn--erzhler-7wa.net\/index.php?rest_route=\/wp\/v2\/users\/1"}],"replies":[{"embeddable":true,"href":"https:\/\/www.xn--erzhler-7wa.net\/index.php?rest_route=%2Fwp%2Fv2%2Fcomments&post=1152"}],"version-history":[{"count":3,"href":"https:\/\/www.xn--erzhler-7wa.net\/index.php?rest_route=\/wp\/v2\/posts\/1152\/revisions"}],"predecessor-version":[{"id":1155,"href":"https:\/\/www.xn--erzhler-7wa.net\/index.php?rest_route=\/wp\/v2\/posts\/1152\/revisions\/1155"}],"wp:attachment":[{"href":"https:\/\/www.xn--erzhler-7wa.net\/index.php?rest_route=%2Fwp%2Fv2%2Fmedia&parent=1152"}],"wp:term":[{"taxonomy":"category","embeddable":true,"href":"https:\/\/www.xn--erzhler-7wa.net\/index.php?rest_route=%2Fwp%2Fv2%2Fcategories&post=1152"},{"taxonomy":"post_tag","embeddable":true,"href":"https:\/\/www.xn--erzhler-7wa.net\/index.php?rest_route=%2Fwp%2Fv2%2Ftags&post=1152"}],"curies":[{"name":"wp","href":"https:\/\/api.w.org\/{rel}","templated":true}]}}